{"id":9982,"date":"2025-02-18T01:59:41","date_gmt":"2025-02-18T01:59:41","guid":{"rendered":"https:\/\/infozamoraec.com\/?p=9982"},"modified":"2025-02-18T01:59:41","modified_gmt":"2025-02-18T01:59:41","slug":"luisa-andres-arauz-y-casado-estan-con-correa-en-mexico-segun-medios-noboistas","status":"publish","type":"post","link":"https:\/\/infozamoraec.com\/index.php\/2025\/02\/18\/luisa-andres-arauz-y-casado-estan-con-correa-en-mexico-segun-medios-noboistas\/","title":{"rendered":"Luisa, Andr\u00e9s Arauz y Casado est\u00e1n con Correa en M\u00e9xico, seg\u00fan medios nobo\u00edstas"},"content":{"rendered":"<p>La noche del pasado s\u00e1bado, 15 de febrero, medios nobo\u00edstas como\u00a0<strong>la Data EC y el Portal EC<\/strong>, difundieron fotograf\u00edas de la candidata presidencial del corre\u00edsmo,\u00a0<strong><a title=\"\" href=\"https:\/\/www.larepublica.ec\/blog\/2025\/02\/10\/luisa-gonzalez-hay-inconsistencias-en-muchisimas-actas\/\" target=\"_blank\" rel=\"noopener\">Luisa Gonz\u00e1lez<\/a><\/strong>, acompa\u00f1ada de su consejero y exasesor de\u00a0<strong><a title=\"\" href=\"https:\/\/x.com\/NicolasMaduro\" target=\"_blank\">Nicol\u00e1s Maduro<\/a><\/strong>,\u00a0<strong><a title=\"\" href=\"https:\/\/x.com\/FernandoCasadoG\" target=\"_blank\">Fernando Casado<\/a><\/strong>, en un aeropuerto de Ecuador con rumbo a M\u00e9xico.<\/p>\n<p>Para ambos portales digitales, el motivo del arribo se debi\u00f3 para reunirse con el expresidente\u00a0<strong><a title=\"\" href=\"https:\/\/x.com\/MashiRafael\" target=\"_blank\">Rafael Correa\u00a0<\/a><\/strong>y tratar asuntos previo a la segunda vuelta electoral, que regir\u00e1 el pr\u00f3ximo domingo, 13 de abril, antes de la contienda,\u00a0<strong><a title=\"\" href=\"https:\/\/x.com\/DanielNoboaOk\" target=\"_blank\">Noboa<\/a><\/strong>\u00a0y\u00a0<strong><a title=\"\" href=\"https:\/\/x.com\/LuisaGonzalezEc\" target=\"_blank\">Luisa<\/a><\/strong>\u00a0debatir\u00e1n obligatoriamente el 23 de marzo, y cumplir\u00e1n proselitismo desde el lunes, 24 de ese mes, hasta el jueves, 10 de abril, seg\u00fan el calendario del\u00a0<strong><a href=\"https:\/\/x.com\/cnegobec\" target=\"_blank\">Consejo Nacional Electoral (CNE).<\/a><\/strong><\/p>\n<p>Al siguiente d\u00eda, exactamente la tarde del domingo, 16 de febrero, el exbinomio del corre\u00edsmo,\u00a0<strong><a title=\"\" href=\"https:\/\/x.com\/ecuarauz\" target=\"_blank\">Andr\u00e9s Arauz<\/a><\/strong>, tambi\u00e9n fue captado en c\u00e1mara, viajando en primera clase por un usuario que se movilizaba en el avi\u00f3n.<\/p>\n<p>La candidata presidencial del corre\u00edsmo,\u00a0<strong><a href=\"https:\/\/www.larepublica.ec\/blog\/2025\/02\/14\/luisa-gana-con-un-913-del-voto-en-las-carceles\/\" target=\"_blank\" rel=\"noopener\">Luisa Gonz\u00e1lez<\/a><\/strong>, se mantuvo el anterior viernes, 14 de febrero, ausente y sin cumplir agenda semanal, pero estuvo activa en sus redes sociales. La \u00faltima vez que declar\u00f3 en los medios de comunicaci\u00f3n fue el pasado lunes, 10 del presente mes, en Quito.<\/p>\n<p>En esta primera contienda,<strong>\u00a0<\/strong>con corte a las 17:15 de hoy y con el 99.96% de actas escrutadas,\u00a0<strong><a href=\"https:\/\/x.com\/LuisaGonzalezEc\" target=\"_blank\">Luisa<\/a><\/strong>\u00a0qued\u00f3 en segundo lugar, con el 43.97%, mientras que, su oponente, el presidente de la Rep\u00fablica,\u00a0<a href=\"https:\/\/x.com\/DanielNoboaOk\" target=\"_blank\"><strong>Daniel<\/strong>\u00a0<strong>Noboa<\/strong><\/a>, quien busca su reelecci\u00f3n por 4 a\u00f1os m\u00e1s\u00a0<strong>(2025-2029)<\/strong>\u00a0lider\u00f3 el primer puesto, con el 44.16%. A ambos los separan la m\u00ednima diferencia del 0.19%.<\/p>\n<p><strong><a href=\"https:\/\/x.com\/LuisaGonzalezEc\" target=\"_blank\">Luisa<\/a><\/strong>\u00a0lleva 7 d\u00edas sin dar entrevistas ni reuni\u00e9ndose con su militancia de la Revoluci\u00f3n Ciudadana (RC). Esta ser\u00e1 su segunda vez que competir\u00e1 contra\u00a0<strong><a title=\"\" href=\"https:\/\/x.com\/DanielNoboaOk\" target=\"_blank\">Noboa<\/a><\/strong>\u00a0para ocupar el poder, pese a que el 2023 fue vencida.<\/p>\n<p>Solo su binomio, Diego Borja, tuvo agenda hoy, desde Quito particip\u00f3 en 3 entrevistas radiales. Estuvo en Radio La Majestad 89.7 FM, a las 07:00, en Radio Centro 97.7 FM, a las 08:00, y en Radio La Hechizera 88.9 FM, a las 12:00. En esta \u00faltima se present\u00f3 v\u00eda online, pues fue en Loja.<\/p>\n<p>Cabe destacar que, la informaci\u00f3n a\u00fan no ha sido corroborada. Hasta el cierre de este reportaje La Rep\u00fablica Ec se contact\u00f3 con la Revoluci\u00f3n Ciudadana, pero no obtuvo respuesta.<\/p>\n<p>Rafael Correa actualmente reside en B\u00e9lgica. Al igual que varios funcionarios de su Gobierno, fue condenado por su papel en tramas de corrupci\u00f3n. El expresidente insiste en que es v\u00edctima de persecuci\u00f3n pol\u00edtica y niega haber participado en actos criminales.<\/p>\n<figure class=\"wp-block-embed is-type-rich is-provider-twitter wp-block-embed-twitter\">\n<div class=\"wp-block-embed__wrapper\"><\/div>\n<\/figure>\n","protected":false},"excerpt":{"rendered":"<p>La noche del pasado s\u00e1bado, 15 de febrero, medios nobo\u00edstas como\u00a0la Data EC y el Portal EC, difundieron fotograf\u00edas de la candidata presidencial del corre\u00edsmo,\u00a0Luisa Gonz\u00e1lez, acompa\u00f1ada de su consejero y exasesor de\u00a0Nicol\u00e1s Maduro,\u00a0Fernando Casado, en un aeropuerto de Ecuador con rumbo a M\u00e9xico. Para ambos portales digitales, el motivo del arribo se debi\u00f3 para [&hellip;]<\/p>\n","protected":false},"author":1,"featured_media":9984,"comment_status":"open","ping_status":"open","sticky":false,"template":"","format":"standard","meta":{"footnotes":""},"categories":[12],"tags":[],"_links":{"self":[{"href":"https:\/\/infozamoraec.com\/index.php\/wp-json\/wp\/v2\/posts\/9982"}],"collection":[{"href":"https:\/\/infozamoraec.com\/index.php\/wp-json\/wp\/v2\/posts"}],"about":[{"href":"https:\/\/infozamoraec.com\/index.php\/wp-json\/wp\/v2\/types\/post"}],"author":[{"embeddable":true,"href":"https:\/\/infozamoraec.com\/index.php\/wp-json\/wp\/v2\/users\/1"}],"replies":[{"embeddable":true,"href":"https:\/\/infozamoraec.com\/index.php\/wp-json\/wp\/v2\/comments?post=9982"}],"version-history":[{"count":1,"href":"https:\/\/infozamoraec.com\/index.php\/wp-json\/wp\/v2\/posts\/9982\/revisions"}],"predecessor-version":[{"id":9985,"href":"https:\/\/infozamoraec.com\/index.php\/wp-json\/wp\/v2\/posts\/9982\/revisions\/9985"}],"wp:featuredmedia":[{"embeddable":true,"href":"https:\/\/infozamoraec.com\/index.php\/wp-json\/wp\/v2\/media\/9984"}],"wp:attachment":[{"href":"https:\/\/infozamoraec.com\/index.php\/wp-json\/wp\/v2\/media?parent=9982"}],"wp:term":[{"taxonomy":"category","embeddable":true,"href":"https:\/\/infozamoraec.com\/index.php\/wp-json\/wp\/v2\/categories?post=9982"},{"taxonomy":"post_tag","embeddable":true,"href":"https:\/\/infozamoraec.com\/index.php\/wp-json\/wp\/v2\/tags?post=9982"}],"curies":[{"name":"wp","href":"https:\/\/api.w.org\/{rel}","templated":true}]}}