{"id":9953,"date":"2025-02-14T02:20:30","date_gmt":"2025-02-14T02:20:30","guid":{"rendered":"https:\/\/infozamoraec.com\/?p=9953"},"modified":"2025-02-14T02:20:30","modified_gmt":"2025-02-14T02:20:30","slug":"lluvias-provocan-emergencias-en-victoria-del-portete-giron-san-fernando-y-santa-isabel","status":"publish","type":"post","link":"https:\/\/infozamoraec.com\/index.php\/2025\/02\/14\/lluvias-provocan-emergencias-en-victoria-del-portete-giron-san-fernando-y-santa-isabel\/","title":{"rendered":"Lluvias provocan emergencias en Victoria del Portete, Gir\u00f3n, San Fernando y Santa Isabel"},"content":{"rendered":"<p>Luego de unos d\u00edas sin lluvias considerables en la provincia del Azuay, el temporal invernal volvi\u00f3 con fuerza, principalmente en la cuenca del Jubones en donde se emplaza Gir\u00f3n, San Fernando y Santa Isabel.<\/p>\n<p>En menos de 24 horas, el 12 de febrero de 2025, la lluvia constante dej\u00f3 varios estragos. Casas afectadas, puentes con riesgo de colapso y deslizamientos de tierra son parte de las emergencias registradas en el sur del Azuay.<\/p>\n<h2 id=\"h-giron\" class=\"wp-block-heading\">Gir\u00f3n<\/h2>\n<p>La noche del 12 de febrero, en la parroquia San Gerardo, el agua removi\u00f3 material p\u00e9treo e inund\u00f3 una vivienda, una bodega y un criadero de cuyes.<\/p>\n<p>Los bomberos de Gir\u00f3n llegaron hasta el sitio para trabajar en la limpieza. Mientras que, la Secretar\u00eda de Gesti\u00f3n de Riesgos eval\u00faa la zona para evitar otra emergencia.<\/p>\n<h2 id=\"h-san-fernando\" class=\"wp-block-heading\">San Fernando<\/h2>\n<p>En el Recinto Pacay, San Fernando, un deslizamiento de tierra impact\u00f3 a nueve viviendas. 47 personas resultaron afectadas, inform\u00f3 la Secretar\u00eda de Gesti\u00f3n de Riesgos.<\/p>\n<p>En el lugar se encuentra personal de rescate para la limpieza.<\/p>\n<h2 id=\"h-santa-isabel\" class=\"wp-block-heading\">Santa Isabel<\/h2>\n<p>La ma\u00f1ana de este 13 de febrero se alert\u00f3 de un posible colapso de un puente que cruza el r\u00edo Rircay, en Santa Isabel.<\/p>\n<p>La comunidad ha pedido atenci\u00f3n de las autoridades porque los peatones ni los veh\u00edculos pueden cruzar por temor a que la infraestructura termine por caer sobre el r\u00edo.<\/p>\n<h2 id=\"h-victoria-del-portete\" class=\"wp-block-heading\">Victoria del Portete<\/h2>\n<p>No solo los cantones sure\u00f1os est\u00e1n sufriendo los estragos de las lluvias considerables.<\/p>\n<p>La tarde del 12 de febrero se conoci\u00f3 de la rotura de un muro en un reservorio privado. Esto provoc\u00f3 que el agua arrastre material hasta el kil\u00f3metro 22 de la v\u00eda Cuenca-Gir\u00f3n-Pasaje.<\/p>\n<p>Por ahora no se han reportado da\u00f1os ni personas heridas. Sin embargo se ha evacuado a un grupo de personas ante un posible colapso de otro reservorio. (I)<\/p>\n","protected":false},"excerpt":{"rendered":"<p>Luego de unos d\u00edas sin lluvias considerables en la provincia del Azuay, el temporal invernal volvi\u00f3 con fuerza, principalmente en la cuenca del Jubones en donde se emplaza Gir\u00f3n, San Fernando y Santa Isabel. En menos de 24 horas, el 12 de febrero de 2025, la lluvia constante dej\u00f3 varios estragos. Casas afectadas, puentes con [&hellip;]<\/p>\n","protected":false},"author":1,"featured_media":9954,"comment_status":"open","ping_status":"open","sticky":false,"template":"","format":"standard","meta":{"footnotes":""},"categories":[12],"tags":[],"_links":{"self":[{"href":"https:\/\/infozamoraec.com\/index.php\/wp-json\/wp\/v2\/posts\/9953"}],"collection":[{"href":"https:\/\/infozamoraec.com\/index.php\/wp-json\/wp\/v2\/posts"}],"about":[{"href":"https:\/\/infozamoraec.com\/index.php\/wp-json\/wp\/v2\/types\/post"}],"author":[{"embeddable":true,"href":"https:\/\/infozamoraec.com\/index.php\/wp-json\/wp\/v2\/users\/1"}],"replies":[{"embeddable":true,"href":"https:\/\/infozamoraec.com\/index.php\/wp-json\/wp\/v2\/comments?post=9953"}],"version-history":[{"count":1,"href":"https:\/\/infozamoraec.com\/index.php\/wp-json\/wp\/v2\/posts\/9953\/revisions"}],"predecessor-version":[{"id":9955,"href":"https:\/\/infozamoraec.com\/index.php\/wp-json\/wp\/v2\/posts\/9953\/revisions\/9955"}],"wp:featuredmedia":[{"embeddable":true,"href":"https:\/\/infozamoraec.com\/index.php\/wp-json\/wp\/v2\/media\/9954"}],"wp:attachment":[{"href":"https:\/\/infozamoraec.com\/index.php\/wp-json\/wp\/v2\/media?parent=9953"}],"wp:term":[{"taxonomy":"category","embeddable":true,"href":"https:\/\/infozamoraec.com\/index.php\/wp-json\/wp\/v2\/categories?post=9953"},{"taxonomy":"post_tag","embeddable":true,"href":"https:\/\/infozamoraec.com\/index.php\/wp-json\/wp\/v2\/tags?post=9953"}],"curies":[{"name":"wp","href":"https:\/\/api.w.org\/{rel}","templated":true}]}}