{"id":9781,"date":"2025-02-08T00:50:54","date_gmt":"2025-02-08T00:50:54","guid":{"rendered":"https:\/\/infozamoraec.com\/?p=9781"},"modified":"2025-02-08T00:50:54","modified_gmt":"2025-02-08T00:50:54","slug":"colombia-captura-a-otro-acusado-por-crimen-de-ronald-ojeda","status":"publish","type":"post","link":"https:\/\/infozamoraec.com\/index.php\/2025\/02\/08\/colombia-captura-a-otro-acusado-por-crimen-de-ronald-ojeda\/","title":{"rendered":"Colombia captura a otro acusado por crimen de Ronald Ojeda"},"content":{"rendered":"<p>Las autoridades de\u00a0<a class=\"internal-link\" href=\"https:\/\/www.dw.com\/es\/colombia\/t-17411736\" target=\"_blank\" rel=\"noopener\">Colombia<\/a>\u00a0anunciaron el jueves la detenci\u00f3n de Luis Alfredo Carrillo, alias \u00abGocho\u00bb, de nacionalidad venezolana e integrante del Tren de Aragua, se\u00f1alado de participar en el\u00a0<a class=\"internal-link\" href=\"https:\/\/www.dw.com\/es\/chile-se%C3%B1ala-al-tren-de-aragua-por-crimen-de-ronald-ojeda\/a-68440005\" target=\"_blank\" rel=\"noopener\">asesinato en Chile del exmilitar y opositor venezolano Ronald Ojeda<\/a>, en febrero de 2024.<\/p>\n<p>La polic\u00eda colombiana detuvo a Carrillo en un municipio rural del departamento de Boyac\u00e1, cercano a la frontera con Venezuela, \u00aben atenci\u00f3n a una notificaci\u00f3n roja de Interpol\u00bb, inform\u00f3 el jueves la fiscal\u00eda en un comunicado.<\/p>\n<p>La justicia chilena lo requiere por cargos de asociaci\u00f3n criminal, secuestro extorsivo y secuestro con homicidio, agreg\u00f3 el ente acusador colombiano. \u00abLo se\u00f1alan de hacer parte del grupo armado que (&#8230;) se llev\u00f3 al exmilitar venezolano Ronald Ojeda Moreno, lo mantuvo en cautiverio y finalmente le caus\u00f3 la muerte\u00bb.<\/p>\n<p>La investigaci\u00f3n que llev\u00f3 a su captura se hizo en coordinaci\u00f3n con la polic\u00eda de investigaciones (PDI) de Chile y la Administraci\u00f3n de Control de Drogas (DEA) de Estados Unidos, se\u00f1al\u00f3 en su cuenta de la red social X el general William Salamanca, director de la polic\u00eda colombiana.<\/p>\n<h2>Testigo se\u00f1al\u00f3 a Diosdado Cabello<\/h2>\n<p>El exteniente del ej\u00e9rcito venezolano Ronald Ojeda, de 32 a\u00f1os, fue secuestrado el 21 de febrero de 2024 por hombres que se hicieron pasar por polic\u00edas y lo sacaron de su apartamento en ropa interior. Su cuerpo fue hallado nueve d\u00edas despu\u00e9s dentro de una maleta enterrada en una barriada de Santiago.<\/p>\n<p>En 2023, el gobierno chileno le hab\u00eda concedido refugio despu\u00e9s de que el exoficial escapara de una c\u00e1rcel venezolana donde hab\u00eda sido recluido bajo cargos de conspiraci\u00f3n.<\/p>\n<p>Un testigo del caso se\u00f1al\u00f3 en enero al ministro y n\u00famero dos del chavismo, Diosdado Cabello, como autor intelectual del crimen. En 2024, Cabello hab\u00eda negado una posible participaci\u00f3n del gobierno de Nicol\u00e1s Maduro en el asesinato.<\/p>\n<p>Pero la fiscal\u00eda chilena insiste en que el asesinato tuvo una motivaci\u00f3n pol\u00edtica. Seg\u00fan el fiscal del caso, H\u00e9ctor Barros, el Tren de Aragua -una temible organizaci\u00f3n del crimen organizado de origen venezolano que se extendi\u00f3 a varios pa\u00edses- fue contratado para \u00absecuestrar y asesinar a Ronald Ojeda\u00bb.<\/p>\n<p>jc (afp, efe, Semana, El Mercurio)<\/p>\n","protected":false},"excerpt":{"rendered":"<p>Las autoridades de\u00a0Colombia\u00a0anunciaron el jueves la detenci\u00f3n de Luis Alfredo Carrillo, alias \u00abGocho\u00bb, de nacionalidad venezolana e integrante del Tren de Aragua, se\u00f1alado de participar en el\u00a0asesinato en Chile del exmilitar y opositor venezolano Ronald Ojeda, en febrero de 2024. La polic\u00eda colombiana detuvo a Carrillo en un municipio rural del departamento de Boyac\u00e1, cercano [&hellip;]<\/p>\n","protected":false},"author":1,"featured_media":9782,"comment_status":"open","ping_status":"open","sticky":false,"template":"","format":"standard","meta":{"footnotes":""},"categories":[8],"tags":[],"_links":{"self":[{"href":"https:\/\/infozamoraec.com\/index.php\/wp-json\/wp\/v2\/posts\/9781"}],"collection":[{"href":"https:\/\/infozamoraec.com\/index.php\/wp-json\/wp\/v2\/posts"}],"about":[{"href":"https:\/\/infozamoraec.com\/index.php\/wp-json\/wp\/v2\/types\/post"}],"author":[{"embeddable":true,"href":"https:\/\/infozamoraec.com\/index.php\/wp-json\/wp\/v2\/users\/1"}],"replies":[{"embeddable":true,"href":"https:\/\/infozamoraec.com\/index.php\/wp-json\/wp\/v2\/comments?post=9781"}],"version-history":[{"count":1,"href":"https:\/\/infozamoraec.com\/index.php\/wp-json\/wp\/v2\/posts\/9781\/revisions"}],"predecessor-version":[{"id":9783,"href":"https:\/\/infozamoraec.com\/index.php\/wp-json\/wp\/v2\/posts\/9781\/revisions\/9783"}],"wp:featuredmedia":[{"embeddable":true,"href":"https:\/\/infozamoraec.com\/index.php\/wp-json\/wp\/v2\/media\/9782"}],"wp:attachment":[{"href":"https:\/\/infozamoraec.com\/index.php\/wp-json\/wp\/v2\/media?parent=9781"}],"wp:term":[{"taxonomy":"category","embeddable":true,"href":"https:\/\/infozamoraec.com\/index.php\/wp-json\/wp\/v2\/categories?post=9781"},{"taxonomy":"post_tag","embeddable":true,"href":"https:\/\/infozamoraec.com\/index.php\/wp-json\/wp\/v2\/tags?post=9781"}],"curies":[{"name":"wp","href":"https:\/\/api.w.org\/{rel}","templated":true}]}}