{"id":9748,"date":"2025-02-07T02:25:28","date_gmt":"2025-02-07T02:25:28","guid":{"rendered":"https:\/\/infozamoraec.com\/?p=9748"},"modified":"2025-02-07T02:25:28","modified_gmt":"2025-02-07T02:25:28","slug":"ee-uu-incauta-segundo-avion-venezolano-en-dominicana","status":"publish","type":"post","link":"https:\/\/infozamoraec.com\/index.php\/2025\/02\/07\/ee-uu-incauta-segundo-avion-venezolano-en-dominicana\/","title":{"rendered":"EE. UU. incauta segundo avi\u00f3n venezolano en Dominicana"},"content":{"rendered":"<p><a class=\"internal-link\" href=\"https:\/\/www.dw.com\/es\/estados-unidos\/t-17411942\" target=\"_blank\" rel=\"noopener\">Estados Unidos<\/a>\u00a0incaut\u00f3 este Jueves (06.02.2025) un segundo avi\u00f3n del r\u00e9gimen de Venezuela retenido en Rep\u00fablica Dominicana, en el marco de una visita del jefe de la diplomacia estadounidense\u00a0<a class=\"internal-link\" href=\"https:\/\/www.dw.com\/es\/rubio-marco\/t-42664691\" target=\"_blank\" rel=\"noopener\">Marco Rubio<\/a>, a pesar del reciente\u00a0<a class=\"internal-link\" href=\"https:\/\/www.dw.com\/es\/venezuela-libera-6-estadounidenses-tras-visita-de-enviado-de-trump\/a-71479619\" target=\"_blank\" rel=\"noopener\">acercamiento diplom\u00e1tico entre Caracas y Washington<\/a>.<\/p>\n<p>En la capital Santo Domingo y en presencia de Rubio, un fiscal dominicano y un representante de las fuerzas del orden de Estados Unidos pegaron un cartel que dec\u00eda \u00abincautado\u00bb en el avi\u00f3n Dassault Falcon 200, de bandera venezolana.<\/p>\n<p>Seg\u00fan el Departamento de Estado, funcionarios de Venezuela usaron la aeronave para volar a Grecia, Turqu\u00eda, Rusia, Nicaragua y Cuba, y la hab\u00edan llevado a Rep\u00fablica Dominicana para mantenimiento.<\/p>\n<p>Otro avi\u00f3n oficial de Venezuela, modelo Dassault Falcon 900EX,\u00a0<a class=\"internal-link\" href=\"https:\/\/www.dw.com\/es\/washington-confisca-el-avi%C3%B3n-presidencial-de-maduro\/a-70116039\" target=\"_blank\" rel=\"noopener\">fue confiscado en Rep\u00fablica Dominicana<\/a>\u00a0el 2 de septiembre del a\u00f1o pasado y trasladado a Florida, Estados Unidos, luego de que autoridades de ese pa\u00eds alegaran que hab\u00eda sido comprado \u00abilegalmente\u00bb por 13 millones de d\u00f3lares mediante una empresa fantasma y sacado de contrabando para uso del izquierdista Nicol\u00e1s Maduro y sus aliados.<\/p>\n<p>Entonces candidato a la presidencia para un segundo mandato en la Casa Blanca, Donald Trump llam\u00f3 \u00abest\u00fapidos\u00bb a los \u00abl\u00edderes\u00bb dem\u00f3cratas por la confiscaci\u00f3n del avi\u00f3n, al asegurar que Maduro pod\u00eda comprarse \u00abuno mucho m\u00e1s grande\u00bb con el dinero que el pa\u00eds norteamericano paga a Venezuela por petr\u00f3leo que no necesita.<\/p>\n<p>El decomiso del Dassault Falcon 900EX se produjo en medio de la recrudecida crisis pol\u00edtica desatada por la reelecci\u00f3n de Maduro para un tercer mandato consecutivo, desconocida por Washington ante denuncias de fraude.<\/p>\n<p>El 31 de enero, Richard Grenell, enviado especial de Trump, viaj\u00f3 a Caracas para reunirse con Maduro y logr\u00f3 la liberaci\u00f3n de seis prisioneros estadounidenses, adem\u00e1s de un acuerdo para que Caracas reciba a venezolanos deportados desde Estados Unidos.<\/p>\n<p>rr (afp\/reuters)<\/p>\n","protected":false},"excerpt":{"rendered":"<p>Estados Unidos\u00a0incaut\u00f3 este Jueves (06.02.2025) un segundo avi\u00f3n del r\u00e9gimen de Venezuela retenido en Rep\u00fablica Dominicana, en el marco de una visita del jefe de la diplomacia estadounidense\u00a0Marco Rubio, a pesar del reciente\u00a0acercamiento diplom\u00e1tico entre Caracas y Washington. En la capital Santo Domingo y en presencia de Rubio, un fiscal dominicano y un representante de [&hellip;]<\/p>\n","protected":false},"author":1,"featured_media":9749,"comment_status":"open","ping_status":"open","sticky":false,"template":"","format":"standard","meta":{"footnotes":""},"categories":[8],"tags":[],"_links":{"self":[{"href":"https:\/\/infozamoraec.com\/index.php\/wp-json\/wp\/v2\/posts\/9748"}],"collection":[{"href":"https:\/\/infozamoraec.com\/index.php\/wp-json\/wp\/v2\/posts"}],"about":[{"href":"https:\/\/infozamoraec.com\/index.php\/wp-json\/wp\/v2\/types\/post"}],"author":[{"embeddable":true,"href":"https:\/\/infozamoraec.com\/index.php\/wp-json\/wp\/v2\/users\/1"}],"replies":[{"embeddable":true,"href":"https:\/\/infozamoraec.com\/index.php\/wp-json\/wp\/v2\/comments?post=9748"}],"version-history":[{"count":1,"href":"https:\/\/infozamoraec.com\/index.php\/wp-json\/wp\/v2\/posts\/9748\/revisions"}],"predecessor-version":[{"id":9750,"href":"https:\/\/infozamoraec.com\/index.php\/wp-json\/wp\/v2\/posts\/9748\/revisions\/9750"}],"wp:featuredmedia":[{"embeddable":true,"href":"https:\/\/infozamoraec.com\/index.php\/wp-json\/wp\/v2\/media\/9749"}],"wp:attachment":[{"href":"https:\/\/infozamoraec.com\/index.php\/wp-json\/wp\/v2\/media?parent=9748"}],"wp:term":[{"taxonomy":"category","embeddable":true,"href":"https:\/\/infozamoraec.com\/index.php\/wp-json\/wp\/v2\/categories?post=9748"},{"taxonomy":"post_tag","embeddable":true,"href":"https:\/\/infozamoraec.com\/index.php\/wp-json\/wp\/v2\/tags?post=9748"}],"curies":[{"name":"wp","href":"https:\/\/api.w.org\/{rel}","templated":true}]}}