{"id":9745,"date":"2025-02-07T02:23:50","date_gmt":"2025-02-07T02:23:50","guid":{"rendered":"https:\/\/infozamoraec.com\/?p=9745"},"modified":"2025-02-07T02:23:50","modified_gmt":"2025-02-07T02:23:50","slug":"colombia-abre-ruta-maritima-comercial-con-china","status":"publish","type":"post","link":"https:\/\/infozamoraec.com\/index.php\/2025\/02\/07\/colombia-abre-ruta-maritima-comercial-con-china\/","title":{"rendered":"Colombia abre ruta mar\u00edtima comercial con China"},"content":{"rendered":"<p><a class=\"internal-link\" href=\"https:\/\/www.dw.com\/es\/colombia\/t-17411736\" target=\"_blank\" rel=\"noopener\">Colombia<\/a>\u00a0abri\u00f3 una nueva ruta mar\u00edtima comercial que une su principal puerto sobre el Pac\u00edfico con Shangh\u00e1i, como muestra del \u00abfortalecimiento\u00bb de las relaciones con\u00a0<a class=\"internal-link\" href=\"https:\/\/www.dw.com\/es\/china\/t-17411734\" target=\"_blank\" rel=\"noopener\">China<\/a>\u00a0en medio de tensiones diplom\u00e1ticas con\u00a0<a class=\"internal-link\" href=\"https:\/\/www.dw.com\/es\/estados-unidos\/t-17411942\" target=\"_blank\" rel=\"noopener\">Estados Unidos<\/a>, inform\u00f3 este jueves (06.02.2025) la Presidencia colombiana.<\/p>\n<p>\u00abColombia y China pactan ruta mar\u00edtima que conecta Shangh\u00e1i con Buenaventura (suroeste)\u00bb, escribi\u00f3 este jueves en la red X el Ministerio de Comercio del pa\u00eds sudamericano.<\/p>\n<p>Se espera que gracias a este acuerdo, la mercanc\u00eda que parte desde Buenaventura haga una parada en el puerto peruano de Chancay, financiado por China, antes de viajar rumbo al gigante asi\u00e1tico.<\/p>\n<p>El embajador de Pek\u00edn en Bogot\u00e1, Zhu Jingyang, celebr\u00f3 en X esta \u00abbuena noticia\u00bb para las relaciones comerciales.<\/p>\n<p>A cargo del proyecto est\u00e1 el tit\u00e1n del comercio mar\u00edtimo mundial China Ocean Shipping Company (COSCO).<\/p>\n<p>El ministro de Comercio de Colombia, Luis Carlos Reyes, lo calific\u00f3 como \u00abun gran paso en el fortalecimiento de las relaciones\u00bb entre ambas naciones.<\/p>\n<p>El acuerdo comercial se da justo cuando Colombia mantiene tensas relaciones con Estados Unidos.<\/p>\n<p>El 26 de enero el presidente Gustavo Petro se neg\u00f3 a permitir la entrada de aviones militares estadounidenses que llevaban a bordo a colombianos deportados.<\/p>\n<p>El mandatario estadounidense Donald Trump respondi\u00f3 imponiendo aranceles de hasta el 50% a los productos colombianos.<\/p>\n<div class=\"render-container rich-text-ad\"><\/div>\n<h2>EE.UU. busca \u00abfrenar la influencia\u00bb china<\/h2>\n<p>Petro aplic\u00f3 la misma medida en medio de una crisis que dur\u00f3 algunas horas y se apacigu\u00f3 tras un acuerdo entre la Casa Blanca y la diplomacia colombiana sobre la deportaci\u00f3n de los migrantes irregulares.<\/p>\n<p>Este jueves, la Presidencia inform\u00f3 que Petro y su canciller, Laura Sarabia, sostuvieron una reuni\u00f3n con el encargado de negocios de la embajada estadounidense en Bogot\u00e1, John McNamara.<\/p>\n<p>Entre otros, discutieron temas de \u00abrelaci\u00f3n bilateral\u00bb y \u00abcooperaci\u00f3n\u00bb, seg\u00fan un mensaje en la red X.<\/p>\n<p>Pese a la normalizaci\u00f3n de las relaciones, los gremios en Colombia a\u00fan temen castigos de Estados Unidos en el futuro.<\/p>\n<p>Petro acus\u00f3 recientemente a Trump de defender una \u00abtesis fascista\u00bb al \u00abcriminalizar\u00bb a los latinoamericanos sin documentos que llegan a Estados Unidos.<\/p>\n<p>El secretario de Estado de Estados Unidos, Marco Rubio, visita Centroam\u00e9rica y uno de sus objetivos es frenar la \u00abinfluencia\u00bb china en la regi\u00f3n.<\/p>\n<p>En 2023 Petro viaj\u00f3 a Pek\u00edn para afianzar acuerdos comerciales con el gobierno de Xi Jinping.<\/p>\n<p>De acuerdo con la independiente Asociaci\u00f3n Nacional de Comercio Exterior (Analdex), China es el cuarto destino m\u00e1s importante para las exportaciones de Colombia, pero se encamina a ser el segundo.<\/p>\n<p>El petr\u00f3leo, carb\u00f3n y otros minerales como oro y esmeraldas son los principales productos que le vende Colombia.<\/p>\n<p>mg (afp, Presidencia de Colombia)<\/p>\n","protected":false},"excerpt":{"rendered":"<p>Colombia\u00a0abri\u00f3 una nueva ruta mar\u00edtima comercial que une su principal puerto sobre el Pac\u00edfico con Shangh\u00e1i, como muestra del \u00abfortalecimiento\u00bb de las relaciones con\u00a0China\u00a0en medio de tensiones diplom\u00e1ticas con\u00a0Estados Unidos, inform\u00f3 este jueves (06.02.2025) la Presidencia colombiana. \u00abColombia y China pactan ruta mar\u00edtima que conecta Shangh\u00e1i con Buenaventura (suroeste)\u00bb, escribi\u00f3 este jueves en la red [&hellip;]<\/p>\n","protected":false},"author":1,"featured_media":9746,"comment_status":"open","ping_status":"open","sticky":false,"template":"","format":"standard","meta":{"footnotes":""},"categories":[8],"tags":[],"_links":{"self":[{"href":"https:\/\/infozamoraec.com\/index.php\/wp-json\/wp\/v2\/posts\/9745"}],"collection":[{"href":"https:\/\/infozamoraec.com\/index.php\/wp-json\/wp\/v2\/posts"}],"about":[{"href":"https:\/\/infozamoraec.com\/index.php\/wp-json\/wp\/v2\/types\/post"}],"author":[{"embeddable":true,"href":"https:\/\/infozamoraec.com\/index.php\/wp-json\/wp\/v2\/users\/1"}],"replies":[{"embeddable":true,"href":"https:\/\/infozamoraec.com\/index.php\/wp-json\/wp\/v2\/comments?post=9745"}],"version-history":[{"count":1,"href":"https:\/\/infozamoraec.com\/index.php\/wp-json\/wp\/v2\/posts\/9745\/revisions"}],"predecessor-version":[{"id":9747,"href":"https:\/\/infozamoraec.com\/index.php\/wp-json\/wp\/v2\/posts\/9745\/revisions\/9747"}],"wp:featuredmedia":[{"embeddable":true,"href":"https:\/\/infozamoraec.com\/index.php\/wp-json\/wp\/v2\/media\/9746"}],"wp:attachment":[{"href":"https:\/\/infozamoraec.com\/index.php\/wp-json\/wp\/v2\/media?parent=9745"}],"wp:term":[{"taxonomy":"category","embeddable":true,"href":"https:\/\/infozamoraec.com\/index.php\/wp-json\/wp\/v2\/categories?post=9745"},{"taxonomy":"post_tag","embeddable":true,"href":"https:\/\/infozamoraec.com\/index.php\/wp-json\/wp\/v2\/tags?post=9745"}],"curies":[{"name":"wp","href":"https:\/\/api.w.org\/{rel}","templated":true}]}}