{"id":9713,"date":"2025-02-06T00:45:04","date_gmt":"2025-02-06T00:45:04","guid":{"rendered":"https:\/\/infozamoraec.com\/?p=9713"},"modified":"2025-02-06T00:45:04","modified_gmt":"2025-02-06T00:45:04","slug":"ortega-retira-a-nicaragua-de-la-fao-y-exige-cierre-oficinas","status":"publish","type":"post","link":"https:\/\/infozamoraec.com\/index.php\/2025\/02\/06\/ortega-retira-a-nicaragua-de-la-fao-y-exige-cierre-oficinas\/","title":{"rendered":"Ortega retira a Nicaragua de la FAO y exige cierre oficinas"},"content":{"rendered":"<p>El gobierno de\u00a0<a class=\"internal-link\" href=\"https:\/\/www.dw.com\/es\/nicaragua\/t-19469056\" target=\"_blank\" rel=\"noopener\">Nicaragua<\/a>\u00a0anunci\u00f3 este martes su salida de la Organizaci\u00f3n de las Naciones Unidas para la Alimentaci\u00f3n y la Agricultura (<a class=\"internal-link\" href=\"https:\/\/www.dw.com\/es\/fao\/t-36515127\" target=\"_blank\" rel=\"noopener\">FAO<\/a>) y orden\u00f3 adem\u00e1s el cierre \u00aba lo inmediato\u00bb de su representaci\u00f3n y de sus oficinas en Managua, luego de que ese organismo incluyera al pa\u00eds como una de las naciones con mayor hambre en el mundo.<\/p>\n<p>\u00abLa actitud de la FAO es inaceptable, inadmisible e irrespetuosa. En consecuencia, comunicamos el retiro de Nicaragua de esta Organizaci\u00f3n y exigimos el cierre de su Representaci\u00f3n y Oficinas en Nicaragua a lo inmediato\u00bb, demand\u00f3 en una carta el canciller nicarag\u00fcense, Valdrack Jaentschke.<\/p>\n<p>En la misiva, dirigida al director general de la FAO, Qu Dongyu, el gobierno de\u00a0<a class=\"internal-link\" href=\"https:\/\/www.dw.com\/es\/ortega-daniel\/t-19442508\" target=\"_blank\" rel=\"noopener\">Daniel Ortega<\/a>\u00a0rechaz\u00f3\u00a0el informe \u00abEstado de la seguridad alimentaria y la nutrici\u00f3n en el mundo 2024\u00bb, que indica que m\u00e1s de 1,3 millones de personas padecen hambre en Nicaragua.<\/p>\n<p>El canciller aleg\u00f3 que lo rechazan \u00abpor carecer de objetividad, rigor metodol\u00f3gico, por contener informaci\u00f3n falsa, con tendencia injerencista, agresiva y que ha sido difundida de manera mal intencionada con fines pol\u00edticos\u00bb,<\/p>\n<p>El 19,6 % de la poblaci\u00f3n total de Nicaragua padece hambre, mientras el 15 % (100.000l) de ni\u00f1os menores de cinco a\u00f1os presentan retraso en su crecimiento por falta de una buena nutrici\u00f3n, seg\u00fan ese informe elaborado por la FAO-<\/p>\n<p>La situaci\u00f3n empeor\u00f3 desde 2018-2020, cuando la FAO estimaba que en Nicaragua el 17,8 % de la poblaci\u00f3n -1,1 millones de habitantes-padec\u00eda hambre.<\/p>\n<p>\u00abEn el citado documento se publica informaci\u00f3n y datos sobre Nicaragua que no fueron autorizados, ni consultados a nuestras instituciones, ni validados por el gbierno de la Rep\u00fablica de Nicaragua\u00bb, aleg\u00f3 el canciller nicarag\u00fcense.<\/p>\n<p>Jaentschke argument\u00f3 que las organizaciones internacionales est\u00e1n obligadas a respetar los Estados Parte y el uso de la informaci\u00f3n debe contar con el consentimiento previo y aprobaci\u00f3n del Estado concernido, \u00ablo cual ha sido incumplido por la FAO\u00bb.<\/p>\n<p>El jefe de la diplomacia nicarag\u00fcense acus\u00f3, por tanto, a la FAO de facilitar \u00abinsumos falsos para publicaciones negativas que tienen como finalidad desprestigiar al gbierno de Nicaragua y sus pol\u00edticas de lucha contra la pobreza, desarrollo humano y seguridad alimentaria\u00bb.<\/p>\n<p>En la carta, el canciller nicarag\u00fcense no ofreci\u00f3 los datos oficiales sobre el porcentaje de la poblaci\u00f3n que pasa hambre en Nicaragua.<\/p>\n<p>gs (afp, efe)<\/p>\n","protected":false},"excerpt":{"rendered":"<p>El gobierno de\u00a0Nicaragua\u00a0anunci\u00f3 este martes su salida de la Organizaci\u00f3n de las Naciones Unidas para la Alimentaci\u00f3n y la Agricultura (FAO) y orden\u00f3 adem\u00e1s el cierre \u00aba lo inmediato\u00bb de su representaci\u00f3n y de sus oficinas en Managua, luego de que ese organismo incluyera al pa\u00eds como una de las naciones con mayor hambre en [&hellip;]<\/p>\n","protected":false},"author":1,"featured_media":9714,"comment_status":"open","ping_status":"open","sticky":false,"template":"","format":"standard","meta":{"footnotes":""},"categories":[8],"tags":[],"_links":{"self":[{"href":"https:\/\/infozamoraec.com\/index.php\/wp-json\/wp\/v2\/posts\/9713"}],"collection":[{"href":"https:\/\/infozamoraec.com\/index.php\/wp-json\/wp\/v2\/posts"}],"about":[{"href":"https:\/\/infozamoraec.com\/index.php\/wp-json\/wp\/v2\/types\/post"}],"author":[{"embeddable":true,"href":"https:\/\/infozamoraec.com\/index.php\/wp-json\/wp\/v2\/users\/1"}],"replies":[{"embeddable":true,"href":"https:\/\/infozamoraec.com\/index.php\/wp-json\/wp\/v2\/comments?post=9713"}],"version-history":[{"count":1,"href":"https:\/\/infozamoraec.com\/index.php\/wp-json\/wp\/v2\/posts\/9713\/revisions"}],"predecessor-version":[{"id":9715,"href":"https:\/\/infozamoraec.com\/index.php\/wp-json\/wp\/v2\/posts\/9713\/revisions\/9715"}],"wp:featuredmedia":[{"embeddable":true,"href":"https:\/\/infozamoraec.com\/index.php\/wp-json\/wp\/v2\/media\/9714"}],"wp:attachment":[{"href":"https:\/\/infozamoraec.com\/index.php\/wp-json\/wp\/v2\/media?parent=9713"}],"wp:term":[{"taxonomy":"category","embeddable":true,"href":"https:\/\/infozamoraec.com\/index.php\/wp-json\/wp\/v2\/categories?post=9713"},{"taxonomy":"post_tag","embeddable":true,"href":"https:\/\/infozamoraec.com\/index.php\/wp-json\/wp\/v2\/tags?post=9713"}],"curies":[{"name":"wp","href":"https:\/\/api.w.org\/{rel}","templated":true}]}}