{"id":9706,"date":"2025-02-06T00:39:16","date_gmt":"2025-02-06T00:39:16","guid":{"rendered":"https:\/\/infozamoraec.com\/?p=9706"},"modified":"2025-02-06T00:39:16","modified_gmt":"2025-02-06T00:39:16","slug":"petro-critica-a-sus-ministros-e-insinua-cambio-de-gabinete","status":"publish","type":"post","link":"https:\/\/infozamoraec.com\/index.php\/2025\/02\/06\/petro-critica-a-sus-ministros-e-insinua-cambio-de-gabinete\/","title":{"rendered":"Petro critica a sus ministros e insin\u00faa cambio de gabinete"},"content":{"rendered":"<p>El presidente de\u00a0<a class=\"internal-link\" href=\"https:\/\/www.dw.com\/es\/colombia\/t-17411736\" target=\"_blank\" rel=\"noopener\">Colombia<\/a>,\u00a0<a class=\"internal-link\" href=\"https:\/\/www.dw.com\/es\/gustavo-petro\/t-42895097\" target=\"_blank\" rel=\"noopener\">Gustavo Petro<\/a>, critic\u00f3 este mi\u00e9rcoles (05.02.2025) la actitud de algunos de sus ministros durante la reuni\u00f3n del gabinete de la noche del martes 4 de febrero, que fue televisada y transmitida por redes sociales y que mostr\u00f3 las fracturas del Gobierno, e insinu\u00f3 que quienes quieran hacer campa\u00f1a electoral \u00absalen\u00bb de su cargo.<\/p>\n<p>\u00abDecid\u00ed que (el consejo de ministros) se hiciera expuesto al pueblo para obtener respuesta del gabinete sobre ese incumplimiento\u201d a los compromisos del Gobierno durante su gesti\u00f3n, escribi\u00f3 el mandatario en X (Twitter). \u00abSe prefiri\u00f3 evadir las respuestas y lanzar el ataque can\u00edbal y autodestructivo que es una tradici\u00f3n hist\u00f3rica no solo de la izquierda sino de Colombia\u201d, agreg\u00f3.<\/p>\n<p>Petro indic\u00f3 adem\u00e1s que puede haber cambios en su equipo de Gobierno: \u00abLos que quieran hacer campa\u00f1a (para las elecciones de 2026) salen, son libres, ya lo hab\u00eda pedido. Los que quieran trabajar el cumplimiento del programa se quedan. Se ajustar\u00e1 el gobierno de acuerdo al nivel de ejecuci\u00f3n de cada ministerio\u00bb.<\/p>\n<h2>Invitaci\u00f3n a dimitir<\/h2>\n<p>Uno de los principales problemas fue la presencia en la reuni\u00f3n de Armando Benedetti, uno de los hombres cercanos a Petro y que es investigado por presuntas irregularidades en el financiamiento de la campa\u00f1a, adem\u00e1s de tener una denuncia por violencia de g\u00e9nero. La vicepresidenta,\u00a0<a class=\"internal-link\" href=\"https:\/\/www.dw.com\/es\/francia-m%C3%A1rquez\/t-46568081\" target=\"_blank\" rel=\"noopener\">Francia M\u00e1rquez<\/a>, y la ministra de Ambiente, Susana Muhamad, arremetieron contra Benedetti. \u00abComo feminista y como mujer yo no me puedo sentar en esta mesa de gabinete de nuestro proyecto progresista con Armando Benedetti\u00bb, dijo al borde del llanto Muhamad.<\/p>\n<p>M\u00e1rquez, en tanto, tambi\u00e9n cuestion\u00f3 a la nueva canciller Laura Sarabia, salpicada en la investigaci\u00f3n del mayor esc\u00e1ndalo de corrupci\u00f3n en el gobierno por el desv\u00edo de fondos p\u00fablicos y envuelta en un caso por supuestas escuchas ilegales contra su ni\u00f1era. \u00abNo comparto su decisi\u00f3n de traer a este gobierno a estas personas\u00bb, sentenci\u00f3.<\/p>\n<p>La prensa adelanta que varios ministros presentar\u00edan su renuncia. De momento ya la hizo efectiva el director del Departamento Administrativo de la Presidencia de la Rep\u00fablica (Dapre), Jorge Rojas, quien dur\u00f3 en ese cargo una semana.\u00a0 El Ministro de Cultura, Juan David Correa, tambi\u00e9n present\u00f3 su renuncia \u00abirrevocable\u00bb, mientras que el jefe de Interior, Juan Fernando Cristo, invit\u00f3 a sus compa\u00f1eros a dimitir, ahondando el caos que enfrenta el primer izquierdista en el poder de Colombia.<\/p>\n<p>DZC (EFE, AFP)<\/p>\n","protected":false},"excerpt":{"rendered":"<p>El presidente de\u00a0Colombia,\u00a0Gustavo Petro, critic\u00f3 este mi\u00e9rcoles (05.02.2025) la actitud de algunos de sus ministros durante la reuni\u00f3n del gabinete de la noche del martes 4 de febrero, que fue televisada y transmitida por redes sociales y que mostr\u00f3 las fracturas del Gobierno, e insinu\u00f3 que quienes quieran hacer campa\u00f1a electoral \u00absalen\u00bb de su cargo. [&hellip;]<\/p>\n","protected":false},"author":1,"featured_media":9707,"comment_status":"open","ping_status":"open","sticky":false,"template":"","format":"standard","meta":{"footnotes":""},"categories":[8],"tags":[],"_links":{"self":[{"href":"https:\/\/infozamoraec.com\/index.php\/wp-json\/wp\/v2\/posts\/9706"}],"collection":[{"href":"https:\/\/infozamoraec.com\/index.php\/wp-json\/wp\/v2\/posts"}],"about":[{"href":"https:\/\/infozamoraec.com\/index.php\/wp-json\/wp\/v2\/types\/post"}],"author":[{"embeddable":true,"href":"https:\/\/infozamoraec.com\/index.php\/wp-json\/wp\/v2\/users\/1"}],"replies":[{"embeddable":true,"href":"https:\/\/infozamoraec.com\/index.php\/wp-json\/wp\/v2\/comments?post=9706"}],"version-history":[{"count":1,"href":"https:\/\/infozamoraec.com\/index.php\/wp-json\/wp\/v2\/posts\/9706\/revisions"}],"predecessor-version":[{"id":9708,"href":"https:\/\/infozamoraec.com\/index.php\/wp-json\/wp\/v2\/posts\/9706\/revisions\/9708"}],"wp:featuredmedia":[{"embeddable":true,"href":"https:\/\/infozamoraec.com\/index.php\/wp-json\/wp\/v2\/media\/9707"}],"wp:attachment":[{"href":"https:\/\/infozamoraec.com\/index.php\/wp-json\/wp\/v2\/media?parent=9706"}],"wp:term":[{"taxonomy":"category","embeddable":true,"href":"https:\/\/infozamoraec.com\/index.php\/wp-json\/wp\/v2\/categories?post=9706"},{"taxonomy":"post_tag","embeddable":true,"href":"https:\/\/infozamoraec.com\/index.php\/wp-json\/wp\/v2\/tags?post=9706"}],"curies":[{"name":"wp","href":"https:\/\/api.w.org\/{rel}","templated":true}]}}