{"id":9609,"date":"2025-02-03T19:52:42","date_gmt":"2025-02-03T19:52:42","guid":{"rendered":"https:\/\/infozamoraec.com\/?p=9609"},"modified":"2025-02-03T20:16:34","modified_gmt":"2025-02-03T20:16:34","slug":"inicia-la-construccion-de-cancha-de-uso-multiple-en-el-barrio-la-cascada-de-la-parroquia-sabanilla","status":"publish","type":"post","link":"https:\/\/infozamoraec.com\/index.php\/2025\/02\/03\/inicia-la-construccion-de-cancha-de-uso-multiple-en-el-barrio-la-cascada-de-la-parroquia-sabanilla\/","title":{"rendered":"Inicia la construcci\u00f3n de cancha de uso m\u00faltiple en el barrio La Cascada de la parroquia Sabanilla"},"content":{"rendered":"<p>El pasado viernes 31 de\u00a0 enero\u00a0 se llev\u00f3 a cabo el acto simb\u00f3lico de colocaci\u00f3n de la primera piedra para la construcci\u00f3n de una cancha de uso m\u00faltiple en el barrio La Cascada, parroquia Sabanilla, del cant\u00f3n Zamora. El evento cont\u00f3 con la participaci\u00f3n de diversas autoridades, entre ellas el ministro de la Amazon\u00eda, Rubens \u00c1lvarez, el alcalde Manuel Gonz\u00e1lez, concejales, autoridades cantonales y provinciales, as\u00ed como miembros de la comunidad local.<\/p>\n<p>La obra, que beneficiar\u00e1 a m\u00e1s de 600 habitantes del sector, contempla la instalaci\u00f3n de un campo deportivo con c\u00e9sped sint\u00e9tico, cubierta y cerramiento perimetral, lo que facilitar\u00e1 la pr\u00e1ctica de deportes como el futbol sala. El proyecto tiene una inversi\u00f3n total de 534.865,20 d\u00f3lares, de los cuales 443.721,00 d\u00f3lares provienen del Fondo Com\u00fan Amaz\u00f3nico, administrado por la Secretar\u00eda T\u00e9cnica de la Amazon\u00eda, mientras que el GAD Parroquial de Sabanilla aportar\u00e1 91.144,20 d\u00f3lares; mientras que el GAd Municipal de\u00a0 Zamora realiza\u00a0\u00a0 un aporte de 22.200 d\u00f3lares para la fiscalizaci\u00f3n de la obra.<\/p>\n<p>Durante la ceremonia, se entregaron reconocimientos a las autoridades y actores clave que han hecho posible esta obra, que forma parte de un esfuerzo conjunto para mejorar las infraestructuras deportivas en la regi\u00f3n<\/p>\n<p>Ivonne Panchi, gobernadora de la provincia de Zamora-Chinchipe, tambi\u00e9n particip\u00f3 del acto, destacando la importancia de la inversi\u00f3n en infraestructura para el desarrollo social y comunitario de la parroquia.<\/p>\n<p>El proyecto busca fomentar la actividad f\u00edsica, la salud y la integraci\u00f3n de la comunidad, al tiempo que proporciona a los deportistas locales un espacio adecuado para su preparaci\u00f3n.<\/p>\n","protected":false},"excerpt":{"rendered":"<p>El pasado viernes 31 de\u00a0 enero\u00a0 se llev\u00f3 a cabo el acto simb\u00f3lico de colocaci\u00f3n de la primera piedra para la construcci\u00f3n de una cancha de uso m\u00faltiple en el barrio La Cascada, parroquia Sabanilla, del cant\u00f3n Zamora. El evento cont\u00f3 con la participaci\u00f3n de diversas autoridades, entre ellas el ministro de la Amazon\u00eda, Rubens [&hellip;]<\/p>\n","protected":false},"author":1,"featured_media":9610,"comment_status":"open","ping_status":"open","sticky":false,"template":"","format":"standard","meta":{"footnotes":""},"categories":[9],"tags":[],"_links":{"self":[{"href":"https:\/\/infozamoraec.com\/index.php\/wp-json\/wp\/v2\/posts\/9609"}],"collection":[{"href":"https:\/\/infozamoraec.com\/index.php\/wp-json\/wp\/v2\/posts"}],"about":[{"href":"https:\/\/infozamoraec.com\/index.php\/wp-json\/wp\/v2\/types\/post"}],"author":[{"embeddable":true,"href":"https:\/\/infozamoraec.com\/index.php\/wp-json\/wp\/v2\/users\/1"}],"replies":[{"embeddable":true,"href":"https:\/\/infozamoraec.com\/index.php\/wp-json\/wp\/v2\/comments?post=9609"}],"version-history":[{"count":1,"href":"https:\/\/infozamoraec.com\/index.php\/wp-json\/wp\/v2\/posts\/9609\/revisions"}],"predecessor-version":[{"id":9611,"href":"https:\/\/infozamoraec.com\/index.php\/wp-json\/wp\/v2\/posts\/9609\/revisions\/9611"}],"wp:featuredmedia":[{"embeddable":true,"href":"https:\/\/infozamoraec.com\/index.php\/wp-json\/wp\/v2\/media\/9610"}],"wp:attachment":[{"href":"https:\/\/infozamoraec.com\/index.php\/wp-json\/wp\/v2\/media?parent=9609"}],"wp:term":[{"taxonomy":"category","embeddable":true,"href":"https:\/\/infozamoraec.com\/index.php\/wp-json\/wp\/v2\/categories?post=9609"},{"taxonomy":"post_tag","embeddable":true,"href":"https:\/\/infozamoraec.com\/index.php\/wp-json\/wp\/v2\/tags?post=9609"}],"curies":[{"name":"wp","href":"https:\/\/api.w.org\/{rel}","templated":true}]}}