{"id":9451,"date":"2025-01-28T21:31:58","date_gmt":"2025-01-28T21:31:58","guid":{"rendered":"https:\/\/infozamoraec.com\/?p=9451"},"modified":"2025-01-28T21:31:58","modified_gmt":"2025-01-28T21:31:58","slug":"petro-divulga-fotos-de-colombianos-deportados-por-ee-uu","status":"publish","type":"post","link":"https:\/\/infozamoraec.com\/index.php\/2025\/01\/28\/petro-divulga-fotos-de-colombianos-deportados-por-ee-uu\/","title":{"rendered":"Petro divulga fotos de colombianos deportados por EE. UU."},"content":{"rendered":"<p>El presidente colombiano\u00a0<a class=\"internal-link\" href=\"https:\/\/www.dw.com\/es\/gustavo-petro\/t-42895097\" target=\"_blank\" rel=\"noopener\">Gustavo Petro<\/a>\u00a0divulg\u00f3 este martes (28.01.2024) fotograf\u00edas tomadas dentro de aviones de la Fuerza A\u00e9rea Colombiana que transportan a un primer grupo de 110 colombianos deportados de\u00a0<a class=\"internal-link\" href=\"https:\/\/www.dw.com\/es\/estados-unidos\/t-17411942\" target=\"_blank\" rel=\"noopener\">Estados Unidos<\/a>\u00a0a\u00a0<a class=\"internal-link\" href=\"https:\/\/www.dw.com\/es\/colombia\/t-17411736\" target=\"_blank\" rel=\"noopener\">Colombia<\/a>.<\/p>\n<p>\u00abVienen nuestros connacionales desde EE. UU. libres, dignos, sin estar esposados\u00bb, manifest\u00f3 en la red social X, dos d\u00edas despu\u00e9s de una crisis con Washington por haberse negado a aceptar dos vuelos con deportados.<\/p>\n<p>\u00abEstructuramos plan de cr\u00e9dito productivo, asociativo y barato para el migrante. El migrante no es un delincuente, es una persona humana libre\u00bb, agreg\u00f3.<\/p>\n<p>Los dos aviones que traen a los colombianos deportados partieron el lunes con destino a San Diego (California) y Houston (Texas), y\u00a0llegaron este martes a Bogot\u00e1 con unos 200 migrantes deportados.<\/p>\n<p>\u00abSon colombianos, son libres y dignos y est\u00e1n en su patria donde se les quiere. El migrante no es un delincuente es un ser humano que quiere trabajar y progresar, vivir la vida\u00bb, asegur\u00f3 Petro.<\/p>\n<p>La canciller\u00eda colombiana se\u00f1al\u00f3 el lunes que el gobierno dispuso esos aviones para traer \u00abde regreso a casa a 110 connacionales deportados desde Estados Unidos, cumpliendo los protocolos establecidos para el retorno digno\u00bb.<\/p>\n","protected":false},"excerpt":{"rendered":"<p>El presidente colombiano\u00a0Gustavo Petro\u00a0divulg\u00f3 este martes (28.01.2024) fotograf\u00edas tomadas dentro de aviones de la Fuerza A\u00e9rea Colombiana que transportan a un primer grupo de 110 colombianos deportados de\u00a0Estados Unidos\u00a0a\u00a0Colombia. \u00abVienen nuestros connacionales desde EE. UU. libres, dignos, sin estar esposados\u00bb, manifest\u00f3 en la red social X, dos d\u00edas despu\u00e9s de una crisis con Washington por [&hellip;]<\/p>\n","protected":false},"author":1,"featured_media":9452,"comment_status":"open","ping_status":"open","sticky":false,"template":"","format":"standard","meta":{"footnotes":""},"categories":[8],"tags":[],"_links":{"self":[{"href":"https:\/\/infozamoraec.com\/index.php\/wp-json\/wp\/v2\/posts\/9451"}],"collection":[{"href":"https:\/\/infozamoraec.com\/index.php\/wp-json\/wp\/v2\/posts"}],"about":[{"href":"https:\/\/infozamoraec.com\/index.php\/wp-json\/wp\/v2\/types\/post"}],"author":[{"embeddable":true,"href":"https:\/\/infozamoraec.com\/index.php\/wp-json\/wp\/v2\/users\/1"}],"replies":[{"embeddable":true,"href":"https:\/\/infozamoraec.com\/index.php\/wp-json\/wp\/v2\/comments?post=9451"}],"version-history":[{"count":1,"href":"https:\/\/infozamoraec.com\/index.php\/wp-json\/wp\/v2\/posts\/9451\/revisions"}],"predecessor-version":[{"id":9453,"href":"https:\/\/infozamoraec.com\/index.php\/wp-json\/wp\/v2\/posts\/9451\/revisions\/9453"}],"wp:featuredmedia":[{"embeddable":true,"href":"https:\/\/infozamoraec.com\/index.php\/wp-json\/wp\/v2\/media\/9452"}],"wp:attachment":[{"href":"https:\/\/infozamoraec.com\/index.php\/wp-json\/wp\/v2\/media?parent=9451"}],"wp:term":[{"taxonomy":"category","embeddable":true,"href":"https:\/\/infozamoraec.com\/index.php\/wp-json\/wp\/v2\/categories?post=9451"},{"taxonomy":"post_tag","embeddable":true,"href":"https:\/\/infozamoraec.com\/index.php\/wp-json\/wp\/v2\/tags?post=9451"}],"curies":[{"name":"wp","href":"https:\/\/api.w.org\/{rel}","templated":true}]}}