{"id":9305,"date":"2025-01-22T19:44:08","date_gmt":"2025-01-22T19:44:08","guid":{"rendered":"https:\/\/infozamoraec.com\/?p=9305"},"modified":"2025-01-22T19:44:22","modified_gmt":"2025-01-22T19:44:22","slug":"centinela-del-condor-implementa-proyecto-mi-primer-empleo","status":"publish","type":"post","link":"https:\/\/infozamoraec.com\/index.php\/2025\/01\/22\/centinela-del-condor-implementa-proyecto-mi-primer-empleo\/","title":{"rendered":"Centinela del C\u00f3ndor implementa proyecto \u201cMi Primer Empleo\u201d."},"content":{"rendered":"<p>El GADM de Centinela del C\u00f3ndor ha propuesto una idea innovadora en la gesti\u00f3n de la actual administraci\u00f3n a trav\u00e9s de la contrataci\u00f3n de j\u00f3venes profesionales mediante la implementaci\u00f3n del proyecto \u201cMi Primer Empleo\u201d para el periodo fiscal 2025.<\/p>\n<p>La iniciativa pretende abordar un n\u00famero determinado de j\u00f3venes profesionales que posean un t\u00edtulo registrado en la SENESCYT y que no hayan tenido experiencia previa en el \u00e1mbito p\u00fablico bajo ninguna modalidad.<\/p>\n<p>Para Nathaly Flores, Psic\u00f3loga Cl\u00ednica y una de las beneficiarias del plan, \u201cla idea de incluir a j\u00f3venes profesionales en el \u00e1mbito p\u00fablico por primera vez, es un proyecto de gran impacto para el comienzo de la vida laboral de cada profesional\u201d, acot\u00f3. Adem\u00e1s, nos comenta que \u201cel compromiso personal que deseo asumir es brindar un servicio para llegar a la confianza de cada uno de los usuarios y as\u00ed tener la cercan\u00eda, la cual ser\u00e1 un puente de empat\u00eda, y consideraci\u00f3n para quienes est\u00e1n siendo atendidos\u201d, finaliz\u00f3.<\/p>\n<p>Estefan\u00eda Espinoza, abogada y beneficiaria tambi\u00e9n del proyecto supo manifestar que \u201clos j\u00f3venes tenemos siempre la obligaci\u00f3n de servir, y qu\u00e9 mejor hacerlo en el sitio donde nos sentimos m\u00e1s vinculados\u201d. Adem\u00e1s agreg\u00f3 que \u201cquiero expresar mi m\u00e1s sincero agradecimiento al Ing. Segundo Sarango, y a GAD de Centinela del C\u00f3ndor por confiar en el talento y el futuro de nuestros j\u00f3venes\u201d.<\/p>\n<p>La implementaci\u00f3n del proyecto poseer\u00e1 una inversi\u00f3n de <strong>$51.538,48<\/strong> repartidos en dos momentos del a\u00f1o de manera semestral, donde se prev\u00e9 la contrataci\u00f3n de 6 j\u00f3venes profesionales durante el primer semestre; y 6 j\u00f3venes profesionales m\u00e1s para los \u00faltimos 6 meses del a\u00f1o.<\/p>\n<p>Una vez culminado el programa, se prev\u00e9 la entrega de incentivos educativos como becas y materiales de estudio a los integrantes que culminen con \u00e9xito su paso por la instituci\u00f3n, donde seguramente aportar\u00e1n de manera valiosa en la consecuci\u00f3n de resultados en beneficio de la colectividad de Centinela del C\u00f3ndor.<\/p>\n<p>Esta gesti\u00f3n desarrollada desde el GAD Municipal afirma el compromiso de la administraci\u00f3n para incentivar el trabajo en personas que han culminado sus estudios de tercer nivel, y que podr\u00e1n aportar al cant\u00f3n desde la institucionalidad del municipio de Centinela.<\/p>\n","protected":false},"excerpt":{"rendered":"<p>El GADM de Centinela del C\u00f3ndor ha propuesto una idea innovadora en la gesti\u00f3n de la actual administraci\u00f3n a trav\u00e9s de la contrataci\u00f3n de j\u00f3venes profesionales mediante la implementaci\u00f3n del proyecto \u201cMi Primer Empleo\u201d para el periodo fiscal 2025. La iniciativa pretende abordar un n\u00famero determinado de j\u00f3venes profesionales que posean un t\u00edtulo registrado en [&hellip;]<\/p>\n","protected":false},"author":1,"featured_media":9306,"comment_status":"open","ping_status":"open","sticky":false,"template":"","format":"standard","meta":{"footnotes":""},"categories":[9],"tags":[],"_links":{"self":[{"href":"https:\/\/infozamoraec.com\/index.php\/wp-json\/wp\/v2\/posts\/9305"}],"collection":[{"href":"https:\/\/infozamoraec.com\/index.php\/wp-json\/wp\/v2\/posts"}],"about":[{"href":"https:\/\/infozamoraec.com\/index.php\/wp-json\/wp\/v2\/types\/post"}],"author":[{"embeddable":true,"href":"https:\/\/infozamoraec.com\/index.php\/wp-json\/wp\/v2\/users\/1"}],"replies":[{"embeddable":true,"href":"https:\/\/infozamoraec.com\/index.php\/wp-json\/wp\/v2\/comments?post=9305"}],"version-history":[{"count":2,"href":"https:\/\/infozamoraec.com\/index.php\/wp-json\/wp\/v2\/posts\/9305\/revisions"}],"predecessor-version":[{"id":9308,"href":"https:\/\/infozamoraec.com\/index.php\/wp-json\/wp\/v2\/posts\/9305\/revisions\/9308"}],"wp:featuredmedia":[{"embeddable":true,"href":"https:\/\/infozamoraec.com\/index.php\/wp-json\/wp\/v2\/media\/9306"}],"wp:attachment":[{"href":"https:\/\/infozamoraec.com\/index.php\/wp-json\/wp\/v2\/media?parent=9305"}],"wp:term":[{"taxonomy":"category","embeddable":true,"href":"https:\/\/infozamoraec.com\/index.php\/wp-json\/wp\/v2\/categories?post=9305"},{"taxonomy":"post_tag","embeddable":true,"href":"https:\/\/infozamoraec.com\/index.php\/wp-json\/wp\/v2\/tags?post=9305"}],"curies":[{"name":"wp","href":"https:\/\/api.w.org\/{rel}","templated":true}]}}