{"id":9297,"date":"2025-01-22T10:32:09","date_gmt":"2025-01-22T10:32:09","guid":{"rendered":"https:\/\/infozamoraec.com\/?p=9297"},"modified":"2025-01-22T10:32:09","modified_gmt":"2025-01-22T10:32:09","slug":"accidente-de-transito-alarmo-a-moradores-de-el-limon","status":"publish","type":"post","link":"https:\/\/infozamoraec.com\/index.php\/2025\/01\/22\/accidente-de-transito-alarmo-a-moradores-de-el-limon\/","title":{"rendered":"Accidente de tr\u00e1nsito alarm\u00f3 a moradores de El Lim\u00f3n"},"content":{"rendered":"<div class=\"xdj266r x11i5rnm xat24cr x1mh8g0r x1vvkbs x126k92a\">\n<div dir=\"auto\">La noche de este 21 de enero de 2025, se registr\u00f3 un accidente de tr\u00e1nsito en el sector El Lim\u00f3n, en el ingreso a la ciudad de Zamora. El hecho ocurri\u00f3 en la intersecci\u00f3n de la avenida Polic\u00eda Nacional y Podocarpus, cerca de las 22h30.<\/div>\n<div dir=\"auto\"><\/div>\n<\/div>\n<div class=\"x11i5rnm xat24cr x1mh8g0r x1vvkbs xtlvy1s x126k92a\">\n<div dir=\"auto\">Seg\u00fan informes preliminares, se trat\u00f3 de una colisi\u00f3n entre una camioneta color concho de vino y un automovil color gris. No se reportaron fallecidos ni heridos de gravedad, pero si se ocasionaron da\u00f1os materiales en el autom\u00f3vil.<\/div>\n<div dir=\"auto\"><\/div>\n<\/div>\n<div class=\"x11i5rnm xat24cr x1mh8g0r x1vvkbs xtlvy1s x126k92a\">\n<div dir=\"auto\">Los moradores del barrio refieren que los accidentes en este sitio son frecuentes. Piden prudencia de los conductores y la intervenci\u00f3n de las autoridades.<\/div>\n<div dir=\"auto\"><\/div>\n<\/div>\n<div class=\"x11i5rnm xat24cr x1mh8g0r x1vvkbs xtlvy1s x126k92a\">\n<div dir=\"auto\">Tambi\u00e9n solicitan la construcci\u00f3n del paso lateral de la ciudad, debido a que por el sector pasan camiones de carga pesada con material mineralizado, lo que pone en peligro a los habitantes de la zona.<\/div>\n<div dir=\"auto\"><\/div>\n<\/div>\n<div dir=\"auto\">Los dos\u00a0 veh\u00edculos fueron trasladados\u00a0 hasta el patio de retenci\u00f3n vehicular\u00a0 de la Jefatura Provincial de\u00a0 Tr\u00e1nsito de Zamora Chinchipe.<\/div>\n","protected":false},"excerpt":{"rendered":"<p>La noche de este 21 de enero de 2025, se registr\u00f3 un accidente de tr\u00e1nsito en el sector El Lim\u00f3n, en el ingreso a la ciudad de Zamora. El hecho ocurri\u00f3 en la intersecci\u00f3n de la avenida Polic\u00eda Nacional y Podocarpus, cerca de las 22h30. Seg\u00fan informes preliminares, se trat\u00f3 de una colisi\u00f3n entre una [&hellip;]<\/p>\n","protected":false},"author":1,"featured_media":9298,"comment_status":"open","ping_status":"open","sticky":false,"template":"","format":"standard","meta":{"footnotes":""},"categories":[9],"tags":[],"_links":{"self":[{"href":"https:\/\/infozamoraec.com\/index.php\/wp-json\/wp\/v2\/posts\/9297"}],"collection":[{"href":"https:\/\/infozamoraec.com\/index.php\/wp-json\/wp\/v2\/posts"}],"about":[{"href":"https:\/\/infozamoraec.com\/index.php\/wp-json\/wp\/v2\/types\/post"}],"author":[{"embeddable":true,"href":"https:\/\/infozamoraec.com\/index.php\/wp-json\/wp\/v2\/users\/1"}],"replies":[{"embeddable":true,"href":"https:\/\/infozamoraec.com\/index.php\/wp-json\/wp\/v2\/comments?post=9297"}],"version-history":[{"count":1,"href":"https:\/\/infozamoraec.com\/index.php\/wp-json\/wp\/v2\/posts\/9297\/revisions"}],"predecessor-version":[{"id":9299,"href":"https:\/\/infozamoraec.com\/index.php\/wp-json\/wp\/v2\/posts\/9297\/revisions\/9299"}],"wp:featuredmedia":[{"embeddable":true,"href":"https:\/\/infozamoraec.com\/index.php\/wp-json\/wp\/v2\/media\/9298"}],"wp:attachment":[{"href":"https:\/\/infozamoraec.com\/index.php\/wp-json\/wp\/v2\/media?parent=9297"}],"wp:term":[{"taxonomy":"category","embeddable":true,"href":"https:\/\/infozamoraec.com\/index.php\/wp-json\/wp\/v2\/categories?post=9297"},{"taxonomy":"post_tag","embeddable":true,"href":"https:\/\/infozamoraec.com\/index.php\/wp-json\/wp\/v2\/tags?post=9297"}],"curies":[{"name":"wp","href":"https:\/\/api.w.org\/{rel}","templated":true}]}}