{"id":9284,"date":"2025-01-21T23:59:44","date_gmt":"2025-01-21T23:59:44","guid":{"rendered":"https:\/\/infozamoraec.com\/?p=9284"},"modified":"2025-01-21T23:59:44","modified_gmt":"2025-01-21T23:59:44","slug":"mauricio-funes-ingresado-en-extrema-gravedad-en-nicaragua","status":"publish","type":"post","link":"https:\/\/infozamoraec.com\/index.php\/2025\/01\/21\/mauricio-funes-ingresado-en-extrema-gravedad-en-nicaragua\/","title":{"rendered":"Mauricio Funes, ingresado en \u00abextrema gravedad\u00bb en Nicaragua"},"content":{"rendered":"<p>El expresidente salvadore\u00f1o\u00a0<a class=\"internal-link\" href=\"https:\/\/www.dw.com\/es\/funes-mauricio\/t-36272435\" target=\"_blank\" rel=\"noopener\">Mauricio Funes<\/a>, de 65 a\u00f1os, se encuentra en una \u00abdelicada\u00bb situaci\u00f3n de salud en Nicaragua, adonde huy\u00f3 en 2016 tras ser acusado en su pa\u00eds de delitos de corrupci\u00f3n, inform\u00f3 este martes (21.01.2025) el gobierno nicarag\u00fcense. \u00abEst\u00e1 padeciendo en estos momentos una delicada situaci\u00f3n de salud\u00bb que \u00abdesafortunadamente es de extrema gravedad\u00bb, se\u00f1al\u00f3 en un comunicado el Ministerio de Salud de Nicaragua.<\/p>\n<p>\u00abEn comunicaci\u00f3n con sus familiares hemos decidido publicar esta informaci\u00f3n, esperando que pueda el paciente Carlos Mauricio Funes Cartagena superar esta situaci\u00f3n que desafortunadamente es de extrema gravedad\u00bb, avis\u00f3 el comunicado. Las autoridades nicarag\u00fcenses no precisaron qu\u00e9 mal de salud aqueja a Funes, primer presidente de izquierda que gobern\u00f3\u00a0<a class=\"internal-link\" href=\"https:\/\/www.dw.com\/es\/el-salvador\/t-17411929\" target=\"_blank\" rel=\"noopener\">El Salvador<\/a>\u00a0con su partido, el\u00a0<a class=\"internal-link\" href=\"https:\/\/www.dw.com\/es\/fmln\/t-39465232\" target=\"_blank\" rel=\"noopener\">FMLN<\/a>, entre 2009 y 2014, pero dice que la situaci\u00f3n se vio \u00abagravada por dolencias cr\u00f3nicas que le han aquejado\u00bb.<\/p>\n<p>Condenado<\/p>\n<p>Luego de ser acusado de malversar 351 millones de d\u00f3lares, entre otros cargos de corrupci\u00f3n durante su gobierno, el expresidente huy\u00f3 a mediados de 2016 a Nicaragua, donde recibi\u00f3 asilo. Tres a\u00f1os despu\u00e9s, el gobierno de Daniel Ortega le concedi\u00f3 la nacionalidad nicarag\u00fcense. Funes tiene cinco procesos penales pendientes ante la justicia salvadore\u00f1a, entre ellos el de la acusaci\u00f3n de malversaci\u00f3n de dinero.<\/p>\n<p>Funes\u00a0<a class=\"internal-link\" href=\"https:\/\/www.dw.com\/es\/el-salvador-condena-a-mauricio-funes-por-tregua-de-pandillas\/a-65766643\" target=\"_blank\" rel=\"noopener\">fue condenado en ausencia en mayo de 2023<\/a>\u00a0en El Salvador a 14 a\u00f1os de prisi\u00f3n por los delitos cometidos en el marco de una tregua entre las pandillas durante su Gobierno entre 2012 y 2014. Luego fue\u00a0<a class=\"internal-link\" href=\"https:\/\/www.dw.com\/es\/condenan-a-8-a%C3%B1os-de-c%C3%A1rcel-a-mauricio-funes-por-corrupci%C3%B3n\/a-69487260\" target=\"_blank\" rel=\"noopener\">condenado a otros 8 a\u00f1os de prisi\u00f3n por corrupci\u00f3n<\/a>. De acuerdo con la Fiscal\u00eda salvadore\u00f1a, Funes form\u00f3 en la Presidencia una red con la que desvi\u00f3 fondos a ocho cuentas bancarias particulares, de las que se sacaron millones de d\u00f3lares..<\/p>\n<p>lgc (afp, efe)<\/p>\n","protected":false},"excerpt":{"rendered":"<p>El expresidente salvadore\u00f1o\u00a0Mauricio Funes, de 65 a\u00f1os, se encuentra en una \u00abdelicada\u00bb situaci\u00f3n de salud en Nicaragua, adonde huy\u00f3 en 2016 tras ser acusado en su pa\u00eds de delitos de corrupci\u00f3n, inform\u00f3 este martes (21.01.2025) el gobierno nicarag\u00fcense. \u00abEst\u00e1 padeciendo en estos momentos una delicada situaci\u00f3n de salud\u00bb que \u00abdesafortunadamente es de extrema gravedad\u00bb, se\u00f1al\u00f3 [&hellip;]<\/p>\n","protected":false},"author":1,"featured_media":9285,"comment_status":"open","ping_status":"open","sticky":false,"template":"","format":"standard","meta":{"footnotes":""},"categories":[8],"tags":[],"_links":{"self":[{"href":"https:\/\/infozamoraec.com\/index.php\/wp-json\/wp\/v2\/posts\/9284"}],"collection":[{"href":"https:\/\/infozamoraec.com\/index.php\/wp-json\/wp\/v2\/posts"}],"about":[{"href":"https:\/\/infozamoraec.com\/index.php\/wp-json\/wp\/v2\/types\/post"}],"author":[{"embeddable":true,"href":"https:\/\/infozamoraec.com\/index.php\/wp-json\/wp\/v2\/users\/1"}],"replies":[{"embeddable":true,"href":"https:\/\/infozamoraec.com\/index.php\/wp-json\/wp\/v2\/comments?post=9284"}],"version-history":[{"count":1,"href":"https:\/\/infozamoraec.com\/index.php\/wp-json\/wp\/v2\/posts\/9284\/revisions"}],"predecessor-version":[{"id":9286,"href":"https:\/\/infozamoraec.com\/index.php\/wp-json\/wp\/v2\/posts\/9284\/revisions\/9286"}],"wp:featuredmedia":[{"embeddable":true,"href":"https:\/\/infozamoraec.com\/index.php\/wp-json\/wp\/v2\/media\/9285"}],"wp:attachment":[{"href":"https:\/\/infozamoraec.com\/index.php\/wp-json\/wp\/v2\/media?parent=9284"}],"wp:term":[{"taxonomy":"category","embeddable":true,"href":"https:\/\/infozamoraec.com\/index.php\/wp-json\/wp\/v2\/categories?post=9284"},{"taxonomy":"post_tag","embeddable":true,"href":"https:\/\/infozamoraec.com\/index.php\/wp-json\/wp\/v2\/tags?post=9284"}],"curies":[{"name":"wp","href":"https:\/\/api.w.org\/{rel}","templated":true}]}}