{"id":9263,"date":"2025-01-21T21:28:45","date_gmt":"2025-01-21T21:28:45","guid":{"rendered":"https:\/\/infozamoraec.com\/?p=9263"},"modified":"2025-01-21T21:31:37","modified_gmt":"2025-01-21T21:31:37","slug":"valladarez-el-camal-de-zamora-no-presenta-ningun-riesgo","status":"publish","type":"post","link":"https:\/\/infozamoraec.com\/index.php\/2025\/01\/21\/valladarez-el-camal-de-zamora-no-presenta-ningun-riesgo\/","title":{"rendered":"Centro de  faenamiento de  Zamora tiene problemas"},"content":{"rendered":"<p>La difusi\u00f3n de fotograf\u00edas sobre las condiciones del centro de faenamiento de ganado de Zamora, ubicado en Cumbaratza, ha generado preocupaci\u00f3n en la ciudadan\u00eda. En las im\u00e1genes se observa cerdos faenados sobre el piso sin ning\u00fan tipo de recipiente, maquinaria deteriorada y alcantarillas sin tapas.<\/p>\n<p>Edgar Vallad\u00e1rez, director de Gesti\u00f3n Ambiental del GAD Municipal de\u00a0 Zamora, reconoci\u00f3 que las\u00a0 fotos\u00a0 son reales y\u00a0 \u00a0que hasta hace poco tiempo el camal presentaba esas condiciones debido a fallas en parte de la maquinaria, principalmente en el sistema de suspensi\u00f3n de las canales.\u00a0 Sin embargo, afirm\u00f3 que la mayor\u00eda de los inconvenientes han sido solucionados.<\/p>\n<p>Seg\u00fan el funcionario, se han adquirido repuestos para el equipo y se garantiza el mantenimiento de la cadena de fr\u00edo desde el faenamiento hasta la comercializaci\u00f3n de la carne.<\/p>\n<p>Adem\u00e1s, indic\u00f3 que se est\u00e1 gestionando un presupuesto para mejorar la infraestructura del lugar. Vallad\u00e1rez considera que actualmente no existen problemas que representen un riesgo para la poblaci\u00f3n.<\/p>\n<p>&nbsp;<\/p>\n","protected":false},"excerpt":{"rendered":"<p>La difusi\u00f3n de fotograf\u00edas sobre las condiciones del centro de faenamiento de ganado de Zamora, ubicado en Cumbaratza, ha generado preocupaci\u00f3n en la ciudadan\u00eda. En las im\u00e1genes se observa cerdos faenados sobre el piso sin ning\u00fan tipo de recipiente, maquinaria deteriorada y alcantarillas sin tapas. Edgar Vallad\u00e1rez, director de Gesti\u00f3n Ambiental del GAD Municipal de\u00a0 [&hellip;]<\/p>\n","protected":false},"author":1,"featured_media":9264,"comment_status":"open","ping_status":"open","sticky":false,"template":"","format":"standard","meta":{"footnotes":""},"categories":[9],"tags":[],"_links":{"self":[{"href":"https:\/\/infozamoraec.com\/index.php\/wp-json\/wp\/v2\/posts\/9263"}],"collection":[{"href":"https:\/\/infozamoraec.com\/index.php\/wp-json\/wp\/v2\/posts"}],"about":[{"href":"https:\/\/infozamoraec.com\/index.php\/wp-json\/wp\/v2\/types\/post"}],"author":[{"embeddable":true,"href":"https:\/\/infozamoraec.com\/index.php\/wp-json\/wp\/v2\/users\/1"}],"replies":[{"embeddable":true,"href":"https:\/\/infozamoraec.com\/index.php\/wp-json\/wp\/v2\/comments?post=9263"}],"version-history":[{"count":4,"href":"https:\/\/infozamoraec.com\/index.php\/wp-json\/wp\/v2\/posts\/9263\/revisions"}],"predecessor-version":[{"id":9268,"href":"https:\/\/infozamoraec.com\/index.php\/wp-json\/wp\/v2\/posts\/9263\/revisions\/9268"}],"wp:featuredmedia":[{"embeddable":true,"href":"https:\/\/infozamoraec.com\/index.php\/wp-json\/wp\/v2\/media\/9264"}],"wp:attachment":[{"href":"https:\/\/infozamoraec.com\/index.php\/wp-json\/wp\/v2\/media?parent=9263"}],"wp:term":[{"taxonomy":"category","embeddable":true,"href":"https:\/\/infozamoraec.com\/index.php\/wp-json\/wp\/v2\/categories?post=9263"},{"taxonomy":"post_tag","embeddable":true,"href":"https:\/\/infozamoraec.com\/index.php\/wp-json\/wp\/v2\/tags?post=9263"}],"curies":[{"name":"wp","href":"https:\/\/api.w.org\/{rel}","templated":true}]}}