{"id":9246,"date":"2025-01-21T00:22:53","date_gmt":"2025-01-21T00:22:53","guid":{"rendered":"https:\/\/infozamoraec.com\/?p=9246"},"modified":"2025-01-21T00:22:53","modified_gmt":"2025-01-21T00:22:53","slug":"caravana-de-migrantes-parte-de-mexico-hacia-ee-uu","status":"publish","type":"post","link":"https:\/\/infozamoraec.com\/index.php\/2025\/01\/21\/caravana-de-migrantes-parte-de-mexico-hacia-ee-uu\/","title":{"rendered":"Caravana de migrantes parte de M\u00e9xico hacia EE. UU."},"content":{"rendered":"<p>Miles de migrantes partieron este lunes (20.01.2025) en una caravana desde la frontera sur de\u00a0<a class=\"internal-link\" href=\"https:\/\/www.dw.com\/es\/m%C3%A9xico\/t-17409380\" target=\"_blank\" rel=\"noopener\">M\u00e9xico<\/a>, la primera de la segunda presidencia de\u00a0<a class=\"internal-link\" href=\"https:\/\/www.dw.com\/es\/trump-donald\/t-19445010\" target=\"_blank\" rel=\"noopener\">Donald Trump<\/a>\u00a0en Estados Unidos, pese a las advertencias de deportaciones masivas y restricciones al asilo, as\u00ed como una mayor vigilancia de las autoridades mexicanas.<\/p>\n<p>Los migrantes de Venezuela, Guatemala, Salvador, Honduras, Cuba y Hait\u00ed realizaron actos religiosos en Tapachula, la mayor ciudad del l\u00edmite de M\u00e9xico con Centroam\u00e9rica, antes de emprender su caminata a Estados Unidos a pesar del temor y la incertidumbre por la llegada del nuevo gobernante estadounidense. Mientras la nueva caravana,\u00a0<a class=\"internal-link\" href=\"https:\/\/www.dw.com\/es\/primera-caravana-migrante-de-2025-parti%C3%B3-del-sur-de-m%C3%A9xico\/a-71210048\" target=\"_blank\" rel=\"noopener\">que no es la primera del a\u00f1o<\/a>, avanzaba, el equipo de Trump adelant\u00f3 que el nuevo presidente estadounidense dedicar\u00e1 sus primeras \u00f3rdenes ejecutivas a \u00abcerrar\u00bb la frontera con el despliegue de militares y restaurar\u00e1 el pol\u00e9mico programa &#8216;Qu\u00e9date en M\u00e9xico&#8217;, que obliga a solicitantes de asilo a esperar en territorio mexicano.<\/p>\n<p>El propio Trump, durante su\u00a0<a class=\"internal-link\" href=\"https:\/\/www.dw.com\/es\/trump-da-por-iniciada-la-edad-de-oro-de-estados-unidos\/live-71350414\" target=\"_blank\" rel=\"noopener\">discurso inaugural tras tomar posesi\u00f3n del cargo como 47\u00ba presidente de Estados Unidos<\/a>, anunci\u00f3 que emitir\u00e1 una serie de \u00f3rdenes ejecutivas sobre cuestiones de ciudadan\u00eda e inmigraci\u00f3n, y que decretar\u00e1 la \u00abemergencia nacional\u00bb en la frontera con M\u00e9xico. \u00abSe detendr\u00e1 inmediatamente toda entrada ilegal y comenzaremos el proceso de devoluci\u00f3n de millones y millones de extranjeros criminales a los lugares de donde proceden\u00bb, a\u00f1adi\u00f3.<\/p>\n<p>Los anuncios han extendido el temor entre los migrantes, incluso entre los que participan en la caravana. Las autoridades mexicanas advirtieron hoy en la frontera del inminente fin del programa &#8216;CBP One&#8217;, aplicaci\u00f3n de la Oficina de Aduanas y Protecci\u00f3n Fronteriza estadounidense que permite gestionar citas de asilo desde M\u00e9xico, En tanto, el canciller mexicano, Juan Ram\u00f3n de la Fuente, defendi\u00f3 la estrategia migratoria de M\u00e9xico, al citar una ca\u00edda del 78 % en los arrestos diarios de migrantes en la frontera de Estados Unidos desde diciembre de 2023.<\/p>\n<p>Edwin Jes\u00fas L\u00f3pez, venezolano en la caravana, dijo estar preocupado por las pol\u00edticas de Trump porque miles de migrantes como \u00e9l podr\u00edan quedar atrapados en M\u00e9xico o volver a sus pa\u00edses. \u00abNo deber\u00eda hacerlo, \u00e9l sabe la situaci\u00f3n de nuestro pa\u00eds, \u00e9l sabe que estamos viviendo con un p\u00e9simo gobierno que, lamentablemente, no nos ayuda a nosotros como venezolanos, que se ponga la mano en el coraz\u00f3n, somos mucha gente buena, que nos d\u00e9 la oportunidad de aportar y trabajar\u00bb, declar\u00f3 a Efe.<\/p>\n<p>lgc (efe, afp)<\/p>\n<figure class=\"placeholder-image master_landscape big\">\n<div class=\"render-container\"><\/div>\n<\/figure>\n","protected":false},"excerpt":{"rendered":"<p>Miles de migrantes partieron este lunes (20.01.2025) en una caravana desde la frontera sur de\u00a0M\u00e9xico, la primera de la segunda presidencia de\u00a0Donald Trump\u00a0en Estados Unidos, pese a las advertencias de deportaciones masivas y restricciones al asilo, as\u00ed como una mayor vigilancia de las autoridades mexicanas. Los migrantes de Venezuela, Guatemala, Salvador, Honduras, Cuba y Hait\u00ed [&hellip;]<\/p>\n","protected":false},"author":1,"featured_media":9247,"comment_status":"open","ping_status":"open","sticky":false,"template":"","format":"standard","meta":{"footnotes":""},"categories":[8],"tags":[],"_links":{"self":[{"href":"https:\/\/infozamoraec.com\/index.php\/wp-json\/wp\/v2\/posts\/9246"}],"collection":[{"href":"https:\/\/infozamoraec.com\/index.php\/wp-json\/wp\/v2\/posts"}],"about":[{"href":"https:\/\/infozamoraec.com\/index.php\/wp-json\/wp\/v2\/types\/post"}],"author":[{"embeddable":true,"href":"https:\/\/infozamoraec.com\/index.php\/wp-json\/wp\/v2\/users\/1"}],"replies":[{"embeddable":true,"href":"https:\/\/infozamoraec.com\/index.php\/wp-json\/wp\/v2\/comments?post=9246"}],"version-history":[{"count":1,"href":"https:\/\/infozamoraec.com\/index.php\/wp-json\/wp\/v2\/posts\/9246\/revisions"}],"predecessor-version":[{"id":9248,"href":"https:\/\/infozamoraec.com\/index.php\/wp-json\/wp\/v2\/posts\/9246\/revisions\/9248"}],"wp:featuredmedia":[{"embeddable":true,"href":"https:\/\/infozamoraec.com\/index.php\/wp-json\/wp\/v2\/media\/9247"}],"wp:attachment":[{"href":"https:\/\/infozamoraec.com\/index.php\/wp-json\/wp\/v2\/media?parent=9246"}],"wp:term":[{"taxonomy":"category","embeddable":true,"href":"https:\/\/infozamoraec.com\/index.php\/wp-json\/wp\/v2\/categories?post=9246"},{"taxonomy":"post_tag","embeddable":true,"href":"https:\/\/infozamoraec.com\/index.php\/wp-json\/wp\/v2\/tags?post=9246"}],"curies":[{"name":"wp","href":"https:\/\/api.w.org\/{rel}","templated":true}]}}