{"id":9234,"date":"2025-01-21T00:10:08","date_gmt":"2025-01-21T00:10:08","guid":{"rendered":"https:\/\/infozamoraec.com\/?p=9234"},"modified":"2025-01-21T00:10:08","modified_gmt":"2025-01-21T00:10:08","slug":"concluye-la-vacancia-legislativa-y-desde-el-jueves-se-reactivan-actividades-de-la-asamblea-nacional-con-suplentes","status":"publish","type":"post","link":"https:\/\/infozamoraec.com\/index.php\/2025\/01\/21\/concluye-la-vacancia-legislativa-y-desde-el-jueves-se-reactivan-actividades-de-la-asamblea-nacional-con-suplentes\/","title":{"rendered":"Concluye la vacancia legislativa y desde el jueves se reactivan actividades de la Asamblea Nacional con suplentes"},"content":{"rendered":"<p>La Asamblea Nacional retoma sus actividades en esta semana luego de acogerse el periodo de vacancia legislativa desde el pasado 8 de enero. Las sesiones plenarias se reactivar\u00e1n el jueves a partir de las 10:30, seg\u00fan la convocatoria realizada por la presidenta encargada, Esther Cuesta.<\/p>\n<p>En la instalaci\u00f3n de las sesiones plenarias, en los pr\u00f3ximos 20 d\u00edas, participar\u00e1n al menos 99 legisladores suplentes que se principalizaron una vez que los principales se acogieron a una licencia sin sueldo para poder dedicarse a la campa\u00f1a electoral y asegurar su reelecci\u00f3n como asamble\u00edstas.<\/p>\n<p>Alrededor de la principalizaci\u00f3n de los suplentes han surgido tambi\u00e9n algunos reclamos por la contrataci\u00f3n de personal de apoyo distinto a los que ten\u00edan enrolados los asamble\u00edstas principales, esto porque sus relaciones pol\u00edticas est\u00e1n rotas.<\/p>\n<p>Uno de esos casos es el de la asamble\u00edsta suplente Fernanda Robles, de la provincia de Azuay; su principal es Diego Matovelle, de la bancada Acci\u00f3n Democr\u00e1tica Nacional (ADN). Robles reclama que durante estos d\u00edas trabajar\u00e1 con su propio equipo y no el asignado a Matovelle.<\/p>\n<p>Adem\u00e1s, la semana pasada, Robles fue expulsada de la bancada ADN debido a las declaraciones p\u00fablicas que \u201cdejan en evidencia su respaldo al viejo Ecuador, contraria a nuestros principios como organizaci\u00f3n pol\u00edtica. Su postura refleja su cercan\u00eda a los partidos pol\u00edticos de oposici\u00f3n a ADN\u201d, se\u00f1ala el comunicado difundido. La legisladora respondi\u00f3 al comunicado se\u00f1alando: \u201cNo me pueden expulsar de una bancada a la cual jam\u00e1s he pertenecido\u201d. Anunci\u00f3 que trabajar\u00e1 de forma independiente.<\/p>\n<p>Adicionalmente, el asamble\u00edsta Diego Matovelle con su coideario Jorge Chamba presentaron una acci\u00f3n de protecci\u00f3n con medidas cautelares para dejar sin efecto la resoluci\u00f3n del pleno del 4 de enero pasado, que oblig\u00f3 a los legisladores candidatos a tomar licencia durante la campa\u00f1a electoral.<\/p>\n<p>El caso se tramita en la Unidad Judicial Penal con Competencia en Infracciones Flagrantes con el juez Marco Antonio Tamayo Mosquera, quien fij\u00f3 para este martes 21 de enero la audiencia en la que escuchar\u00e1 a las partes legitimadas, diligencia que se llevar\u00e1 a cabo en una de las salas de audiencias de la Unidad Judicial de Garant\u00edas Penales con Competencia en Infracciones Flagrantes.<\/p>\n<p>Los accionantes se\u00f1alan que fueron vulnerados sus derechos porque nunca pidieron licencia, en vista de que no se trata de una reelecci\u00f3n, y que adem\u00e1s se nombr\u00f3 a una presidenta de la Asamblea Nacional encargada por fuera de la norma.<\/p>\n<p>&nbsp;<\/p>\n<p>Puntualmente, en la acci\u00f3n de protecci\u00f3n los legisladores Matovelle y Chamba sostienen: \u201cSe nos obliga a tomar una licencia que no hemos requerido, por no corresponder, y se nombra una presidenta de la Asamblea Nacional por fuera de lo disciplinado en la ley org\u00e1nica de la Funci\u00f3n Legislativa, suspendiendo adem\u00e1s las funciones del Consejo de Administraci\u00f3n Legislativa (CAL), as\u00ed como se dispuso al secretario general que ejecute los reemplazos de los asamble\u00edstas licenciados maliciosamente, sin sustento constitucional ni legal para ello\u201d.<\/p>\n","protected":false},"excerpt":{"rendered":"<p>La Asamblea Nacional retoma sus actividades en esta semana luego de acogerse el periodo de vacancia legislativa desde el pasado 8 de enero. Las sesiones plenarias se reactivar\u00e1n el jueves a partir de las 10:30, seg\u00fan la convocatoria realizada por la presidenta encargada, Esther Cuesta. En la instalaci\u00f3n de las sesiones plenarias, en los pr\u00f3ximos [&hellip;]<\/p>\n","protected":false},"author":1,"featured_media":9235,"comment_status":"open","ping_status":"open","sticky":false,"template":"","format":"standard","meta":{"footnotes":""},"categories":[12],"tags":[],"_links":{"self":[{"href":"https:\/\/infozamoraec.com\/index.php\/wp-json\/wp\/v2\/posts\/9234"}],"collection":[{"href":"https:\/\/infozamoraec.com\/index.php\/wp-json\/wp\/v2\/posts"}],"about":[{"href":"https:\/\/infozamoraec.com\/index.php\/wp-json\/wp\/v2\/types\/post"}],"author":[{"embeddable":true,"href":"https:\/\/infozamoraec.com\/index.php\/wp-json\/wp\/v2\/users\/1"}],"replies":[{"embeddable":true,"href":"https:\/\/infozamoraec.com\/index.php\/wp-json\/wp\/v2\/comments?post=9234"}],"version-history":[{"count":1,"href":"https:\/\/infozamoraec.com\/index.php\/wp-json\/wp\/v2\/posts\/9234\/revisions"}],"predecessor-version":[{"id":9236,"href":"https:\/\/infozamoraec.com\/index.php\/wp-json\/wp\/v2\/posts\/9234\/revisions\/9236"}],"wp:featuredmedia":[{"embeddable":true,"href":"https:\/\/infozamoraec.com\/index.php\/wp-json\/wp\/v2\/media\/9235"}],"wp:attachment":[{"href":"https:\/\/infozamoraec.com\/index.php\/wp-json\/wp\/v2\/media?parent=9234"}],"wp:term":[{"taxonomy":"category","embeddable":true,"href":"https:\/\/infozamoraec.com\/index.php\/wp-json\/wp\/v2\/categories?post=9234"},{"taxonomy":"post_tag","embeddable":true,"href":"https:\/\/infozamoraec.com\/index.php\/wp-json\/wp\/v2\/tags?post=9234"}],"curies":[{"name":"wp","href":"https:\/\/api.w.org\/{rel}","templated":true}]}}