{"id":9231,"date":"2025-01-21T00:07:39","date_gmt":"2025-01-21T00:07:39","guid":{"rendered":"https:\/\/infozamoraec.com\/?p=9231"},"modified":"2025-01-21T00:07:39","modified_gmt":"2025-01-21T00:07:39","slug":"luisa-desafio-a-noboa-a-debatir-conmigo-antes-de-primera-vuelta","status":"publish","type":"post","link":"https:\/\/infozamoraec.com\/index.php\/2025\/01\/21\/luisa-desafio-a-noboa-a-debatir-conmigo-antes-de-primera-vuelta\/","title":{"rendered":"Luisa: \u00abDesaf\u00edo a Noboa a debatir conmigo antes de primera vuelta\u00bb"},"content":{"rendered":"<p>La candidata presidencial del corre\u00edsmo,\u00a0<strong><a title=\"\" href=\"https:\/\/www.larepublica.ec\/blog\/2025\/01\/19\/empieza-el-segundo-foro-del-debate-presidencial\/#google_vignette\" target=\"_blank\" rel=\"noopener\">Luisa Gonz\u00e1lez<\/a><\/strong>, dijo este lunes, 20 de enero, en Teleamazonas, en Quito,\u00a0<strong>que desaf\u00eda a Noboa a debatir con ella antes de la primera vuelta<\/strong>,\u00a0<strong>ya que en el debate presidencial obligatorio Ecuador 2025, ambos estuvieron divididos.<\/strong><img decoding=\"async\" src=\"https:\/\/servedby.revive-adserver.net\/lg.php?bannerid=0&amp;campaignid=0&amp;zoneid=2931&amp;loc=https%3A%2F%2Fwww.larepublica.ec%2Fblog%2F2025%2F01%2F20%2Fluisa-desafio-a-noboa-a-debatir-conmigo-antes-de-primera-vuelta%2F&amp;referer=https%3A%2F%2Fwww.larepublica.ec%2F&amp;cb=7d54a592c3\" alt=\"\" width=\"0\" height=\"0\" \/><\/p>\n<p>Seg\u00fan\u00a0<strong><a title=\"\" href=\"https:\/\/x.com\/LuisaGonzalezEc\" target=\"_blank\">Gonz\u00e1lez<\/a><\/strong>,\u00a0<strong>\u00abno hubiera esperado\u00a0debatir con el presidente Noba\u00a0lamentablemente\u00a0y raro, le toc\u00f3\u00a0en otro bloque, no le toc\u00f3 conmigo, si me\u00a0hubiera gustado que nos toque juntos\u00a0podr\u00edamos hacer un debate\u00a0entre los dos, si\u00a0el CNE lo permite y si \u00e9l est\u00e1\u00a0de acuerdo tambi\u00e9n. Antes de la primera vuelta.\u00a0Yo lo desaf\u00edo, si quiere\u00a0se acepta el se\u00f1or\u00a0Daniel Noboa, que un d\u00eda es presidente,\u00a0el otro es candidato, unas horas mandatario, otras horas\u00a0aspirante, pero si acepta lo desaf\u00edo\u00a0a un debate con Luisa Gonz\u00e1lez\u00bb<\/strong>.<\/p>\n<h2 class=\"wp-block-heading\">Propuestas infundadas<\/h2>\n<p>\u00abSer\u00eda maravilloso poder\u00a0debatir con ideas, realidad, datos reales, porque tambi\u00e9n\u00a0le invito a la ciudadan\u00eda a contrastar\u00a0las cifras que dio Daniel Noboa ayer. Dijo que ha dado\u00a0m\u00e1s de cien mil becas, no ha llegado ni a dos mil siquiera\u00bb, indic\u00f3.<\/p>\n<p>\u00abMuchas\u00a0gracias, un buen d\u00eda con todos\u00a0los ecuatorianos que nos est\u00e1n\u00a0mirando en este momento. Creo\u00a0que aqu\u00ed quien debe ganar o\u00a0perder es el pueblo ecuatoriano\u00a0porque el debate es para poner\u00a0en conocimiento de ustedes,\u00a0queridos ecuatorianos, cu\u00e1les\u00a0son las propuestas que llevamos\u00a0los candidatos, pero las\u00a0propuestas deben ser serias, contrastables, reales y realizables, hay\u00a0que cambiar la mentira por la\u00a0verdad, que tuve, por lo menos\u00a0en mi bloque de de debate, el\u00a0odio, la confrontaci\u00f3n, lo que se fue all\u00ed es hablar de Rafael Correa, del corre\u00edsmo, y sin\u00a0sustentos t\u00e9cnicos, con mentiras\u00bb, coment\u00f3.<\/p>\n<p>\u00ab\u00bfQu\u00e9 es lo que debemos hacer?\u00a0Las propuestas, y ante eso, pues yo hice una peque\u00f1a\u00a0presentaci\u00f3n de partes de mis\u00a0propuestas que est\u00e1n plasmadas en tres planes, que es Protege,\u00a0Genera, e Impulsa, los cuales\u00a0est\u00e1n debidamente estructurados\u00a0y que los ecuatorianos pueden\u00a0acceder en mis redes sociales\u00bb, refut\u00f3.<\/p>\n<p>\u00abCreo que perdemos todos, s\u00ed,\u00a0estoy totalmente de acuerdo, el\u00a0Ecuador pierde al escuchar\u00a0ofertas que no tienen sustento\u00a0y all\u00ed yo s\u00ed hago un llamado a\u00a0la ciudadan\u00eda a ser profundamente\u00a0reflexivos. Ganar una\u00a0presidencia en la rep\u00fablica no\u00a0significa ser irresponsable o ir\u00a0a un mercadillo de ofertas, en donde escuchas que van a hacer un tren bala cuando a\u00fan tenemos que completar\u00a0el metro de Quito hasta la Ophelia y hasta Calder\u00f3n\u00a0que eso es una oferta\u00a0realizable, pero que toma\u00a0tiempo y de ah\u00ed hablar de un tren bala\u00a0no es factible ni real\u00bb, comparti\u00f3.<\/p>\n<p>\u00abYa vivimos en dos campa\u00f1as anteriores\u00a0con las mentiras, ganaron\u00a0enga\u00f1ando al pueblo ecuatoriano\u00a0haciendo ofertas que nunca cumplieron\u00a0bajar el precio de combustible, lo subieron, reducir impuestos, aumentaron el\u00a0IVA al 15%, entre otras\u00a0ofertas antit\u00e9cnicas\u00a0e irrealizables\u00a0el empleo, por ejemplo, en este \u00faltimo a\u00f1o, no solo que no se cre\u00f3\u00a0un solo puesto de trabajo, se\u00a0destruyeron cerca de 250 mil\u00a0plazas de empleo, entonces\u00a0los ecuatorianos, previo\u00a0a ir a las urnas y un poco\u00a0analizando el debate, tienen que hacerlo\u00a0con conciencia, las ofertas no\u00a0es ofrecer para captar a un\u00a0electorado, sino lo que realmente\u00a0se puede cumplir, por eso digo\u00a0que hay que cambiar de la mentira\u00a0a la verdad\u00bb, se\u00f1al\u00f3.<\/p>\n<p>\u00abPara fortalecer la UAFE requieres\u00a0que le devuelvas el presupuesto,\u00a0que contrates el personal\u00a0necesario, pero sobre todo\u00a0que los reportes que salen de la UAFE sean puestos en ejecuci\u00f3n\u00a0y hagas el seguimiento de que\u00a0la justicia los est\u00e1 observando\u00bb, avis\u00f3.<\/p>\n<p>\u00ab\u00bfQu\u00e9 voy a hacer yo? Pues hacer estos\u00a0reportes de la UAFE, hacer el seguimiento\u00a0con un equipo t\u00e9cnico de que la justicia est\u00e9 tomando acciones.\u00a0\u00bfPor qu\u00e9? Porque parte\u00a0de que tengamos nuevamente una justicia\u00a0que funcione es\u00a0depurar los malos elementos. Los jueces y fiscales que son\u00a0producto de\u00a0compra con dinero il\u00edcito\u00a0por parte de delincuentes que los ponen luego\u00a0en libertad\u00bb, anunci\u00f3.<\/p>\n<p>\u00abSi el pueblo ecuatoriano y la Asamblea Nacional se pronuncia para aceptar las bases extranjeras en el pa\u00eds,\u00a0ser\u00e1 respetada siempre la voluntad de la gente, como se pronunci\u00f3 en el Yasun\u00ed\u00a0que hasta hoy no ha\u00a0cumplido el presidente Noboa\u00bb, advirti\u00f3.<\/p>\n<p>\u00abEl pueblo ecuatoriano\u00a0se pronunci\u00f3, no estamos\u00a0para gastar dinero en consulta\u00a0tras consulta sobre el Yasun\u00ed. Aqu\u00ed se requiere\u00a0gobernar con liderazgo,\u00a0con una mano firme y dura tambi\u00e9n\u00a0frente a la delincuencia\u00bb, concret\u00f3.<\/p>\n","protected":false},"excerpt":{"rendered":"<p>La candidata presidencial del corre\u00edsmo,\u00a0Luisa Gonz\u00e1lez, dijo este lunes, 20 de enero, en Teleamazonas, en Quito,\u00a0que desaf\u00eda a Noboa a debatir con ella antes de la primera vuelta,\u00a0ya que en el debate presidencial obligatorio Ecuador 2025, ambos estuvieron divididos. Seg\u00fan\u00a0Gonz\u00e1lez,\u00a0\u00abno hubiera esperado\u00a0debatir con el presidente Noba\u00a0lamentablemente\u00a0y raro, le toc\u00f3\u00a0en otro bloque, no le toc\u00f3 conmigo, [&hellip;]<\/p>\n","protected":false},"author":1,"featured_media":9232,"comment_status":"open","ping_status":"open","sticky":false,"template":"","format":"standard","meta":{"footnotes":""},"categories":[12],"tags":[],"_links":{"self":[{"href":"https:\/\/infozamoraec.com\/index.php\/wp-json\/wp\/v2\/posts\/9231"}],"collection":[{"href":"https:\/\/infozamoraec.com\/index.php\/wp-json\/wp\/v2\/posts"}],"about":[{"href":"https:\/\/infozamoraec.com\/index.php\/wp-json\/wp\/v2\/types\/post"}],"author":[{"embeddable":true,"href":"https:\/\/infozamoraec.com\/index.php\/wp-json\/wp\/v2\/users\/1"}],"replies":[{"embeddable":true,"href":"https:\/\/infozamoraec.com\/index.php\/wp-json\/wp\/v2\/comments?post=9231"}],"version-history":[{"count":1,"href":"https:\/\/infozamoraec.com\/index.php\/wp-json\/wp\/v2\/posts\/9231\/revisions"}],"predecessor-version":[{"id":9233,"href":"https:\/\/infozamoraec.com\/index.php\/wp-json\/wp\/v2\/posts\/9231\/revisions\/9233"}],"wp:featuredmedia":[{"embeddable":true,"href":"https:\/\/infozamoraec.com\/index.php\/wp-json\/wp\/v2\/media\/9232"}],"wp:attachment":[{"href":"https:\/\/infozamoraec.com\/index.php\/wp-json\/wp\/v2\/media?parent=9231"}],"wp:term":[{"taxonomy":"category","embeddable":true,"href":"https:\/\/infozamoraec.com\/index.php\/wp-json\/wp\/v2\/categories?post=9231"},{"taxonomy":"post_tag","embeddable":true,"href":"https:\/\/infozamoraec.com\/index.php\/wp-json\/wp\/v2\/tags?post=9231"}],"curies":[{"name":"wp","href":"https:\/\/api.w.org\/{rel}","templated":true}]}}