{"id":9206,"date":"2025-01-18T00:59:28","date_gmt":"2025-01-18T00:59:28","guid":{"rendered":"https:\/\/infozamoraec.com\/?p=9206"},"modified":"2025-01-18T00:59:28","modified_gmt":"2025-01-18T00:59:28","slug":"abad-presenta-accion-para-que-se-suspenda-el-encargo-a-cynthia-gellibert","status":"publish","type":"post","link":"https:\/\/infozamoraec.com\/index.php\/2025\/01\/18\/abad-presenta-accion-para-que-se-suspenda-el-encargo-a-cynthia-gellibert\/","title":{"rendered":"Abad presenta acci\u00f3n para que se suspenda el encargo a Cynthia Gellibert"},"content":{"rendered":"<p>La\u00a0vicepresidenta de Ecuador,\u00a0<strong>Ver\u00f3nica Abad<\/strong>, present\u00f3 este viernes una acci\u00f3n de inconstitucionalidad para que se suspenda provisionalmente el encargo de la Presidencia hecho por el jefe de Estado,\u00a0<strong>Daniel Noboa<\/strong>, a la secretaria de la Administraci\u00f3n P\u00fablica y Gabinete,\u00a0<strong>Cynthia Gellibert<\/strong>, a quien \u00e9l mismo nombr\u00f3 por decreto \u00abvicepresidenta encargada\u00bb, ante el enfrentamiento que mantiene con Abad.<img decoding=\"async\" src=\"https:\/\/servedby.revive-adserver.net\/lg.php?bannerid=0&amp;campaignid=0&amp;zoneid=2931&amp;loc=https%3A%2F%2Fwww.larepublica.ec%2Fblog%2F2025%2F01%2F17%2Fabad-presenta-accion-para-que-se-suspenda-el-encargo-a-cynthia-gellibert%2F&amp;referer=https%3A%2F%2Fwww.larepublica.ec%2F&amp;cb=9ba6bb951e\" alt=\"\" width=\"0\" height=\"0\" \/><\/p>\n<p>Abad, elegida en las urnas junto a Noboa en noviembre de 2023, se refiri\u00f3 al decreto 505 emitido el jueves por el jefe de Estado, en el que por segunda vez volvi\u00f3 a delegar las funciones presidenciales en la actual campa\u00f1a electoral a Gellibert, desde las 18:00 hora local (23:00 GMT) del jueves hasta las 22:00 del pr\u00f3ximo domingo (3:00 GMT del lunes), hora en la que se prev\u00e9 que finalice el debate entre candidatos presidenciales donde est\u00e1 citado a participar.<\/p>\n<p>Gellibert est\u00e1 encargada de la Presidencia mientras Noboa realiza campa\u00f1a electoral con miras a los comicios del pr\u00f3ximo 9 de febrero, en los que busca ser reelegido para un periodo completo (2025-2029).<\/p>\n<p>Abad sostiene que, conforme a la Constituci\u00f3n, Noboa deb\u00eda pedir licencia para hacer campa\u00f1a y delegar en ella la jefatura del Estado, por lo que apunt\u00f3 este viernes que, \u00abante la flagrante vulneraci\u00f3n a la Constituci\u00f3n\u00bb mediante el decreto 505 que design\u00f3 a Gellibert, present\u00f3 una acci\u00f3n de inconstitucionalidad con medidas cautelares ante la Corte Constitucional.<\/p>\n","protected":false},"excerpt":{"rendered":"<p>La\u00a0vicepresidenta de Ecuador,\u00a0Ver\u00f3nica Abad, present\u00f3 este viernes una acci\u00f3n de inconstitucionalidad para que se suspenda provisionalmente el encargo de la Presidencia hecho por el jefe de Estado,\u00a0Daniel Noboa, a la secretaria de la Administraci\u00f3n P\u00fablica y Gabinete,\u00a0Cynthia Gellibert, a quien \u00e9l mismo nombr\u00f3 por decreto \u00abvicepresidenta encargada\u00bb, ante el enfrentamiento que mantiene con Abad. Abad, [&hellip;]<\/p>\n","protected":false},"author":1,"featured_media":9207,"comment_status":"open","ping_status":"open","sticky":false,"template":"","format":"standard","meta":{"footnotes":""},"categories":[12],"tags":[],"_links":{"self":[{"href":"https:\/\/infozamoraec.com\/index.php\/wp-json\/wp\/v2\/posts\/9206"}],"collection":[{"href":"https:\/\/infozamoraec.com\/index.php\/wp-json\/wp\/v2\/posts"}],"about":[{"href":"https:\/\/infozamoraec.com\/index.php\/wp-json\/wp\/v2\/types\/post"}],"author":[{"embeddable":true,"href":"https:\/\/infozamoraec.com\/index.php\/wp-json\/wp\/v2\/users\/1"}],"replies":[{"embeddable":true,"href":"https:\/\/infozamoraec.com\/index.php\/wp-json\/wp\/v2\/comments?post=9206"}],"version-history":[{"count":1,"href":"https:\/\/infozamoraec.com\/index.php\/wp-json\/wp\/v2\/posts\/9206\/revisions"}],"predecessor-version":[{"id":9208,"href":"https:\/\/infozamoraec.com\/index.php\/wp-json\/wp\/v2\/posts\/9206\/revisions\/9208"}],"wp:featuredmedia":[{"embeddable":true,"href":"https:\/\/infozamoraec.com\/index.php\/wp-json\/wp\/v2\/media\/9207"}],"wp:attachment":[{"href":"https:\/\/infozamoraec.com\/index.php\/wp-json\/wp\/v2\/media?parent=9206"}],"wp:term":[{"taxonomy":"category","embeddable":true,"href":"https:\/\/infozamoraec.com\/index.php\/wp-json\/wp\/v2\/categories?post=9206"},{"taxonomy":"post_tag","embeddable":true,"href":"https:\/\/infozamoraec.com\/index.php\/wp-json\/wp\/v2\/tags?post=9206"}],"curies":[{"name":"wp","href":"https:\/\/api.w.org\/{rel}","templated":true}]}}