{"id":9169,"date":"2025-01-17T00:19:09","date_gmt":"2025-01-17T00:19:09","guid":{"rendered":"https:\/\/infozamoraec.com\/?p=9169"},"modified":"2025-01-17T00:19:09","modified_gmt":"2025-01-17T00:19:09","slug":"tce-admite-a-tramite-una-denuncia-por-presunta-infraccion-electoral-contra-daniel-noboa","status":"publish","type":"post","link":"https:\/\/infozamoraec.com\/index.php\/2025\/01\/17\/tce-admite-a-tramite-una-denuncia-por-presunta-infraccion-electoral-contra-daniel-noboa\/","title":{"rendered":"TCE admite a tr\u00e1mite una denuncia por presunta infracci\u00f3n electoral contra Daniel Noboa"},"content":{"rendered":"<div class=\"cp-excerpt-xl\">\n<p>El juez del Tribunal Contencioso Electoral (TCE), Joaqu\u00edn Viteri, admiti\u00f3 a tr\u00e1mite una de las denuncias por supuesta infracci\u00f3n electoral que acumula el presidente y candidato a la reelecci\u00f3n Daniel Noboa.<\/p>\n<p>Esta denuncia fue presentada el 9 de enero por Jorge Escala, candidato presidencial de la Unidad Popular; y Geovanni Atarihuana, director de esa organizaci\u00f3n pol\u00edtica.<\/p>\n<p>El juez tambi\u00e9n cita a Noboa, quien debe comparecer ante el TCE. Adem\u00e1s, tiene cinco d\u00edas para contestar la denuncia, a partir de la citaci\u00f3n.<\/p>\n<p>En la denuncia presentada por los representantes de la Unidad Popular, se solicita una prueba pericial. Una vez que el primer mandatario env\u00ede su contestaci\u00f3n, el juez fijar\u00e1 la fecha y hora para el sorteo o designaci\u00f3n del perito que deber\u00e1 cumplir la diligencia.<\/p>\n<p>El presidente y candidato acumula cuatro denuncias por presunta infracci\u00f3n electoral ante el TCE. El 9 de enero, un juez ya decidi\u00f3 archivar la ingresada por Luis Felipe Tiller\u00eda, candidato presidencial de Avanza.<\/p>\n<p>La denuncia m\u00e1s reciente fue presentada el 13 de enero de 2025, por el Partido Social Cristiano (PSC) que acusa a Noboa de \u00abcometer infracciones electorales graves y muy graves\u00bb, tipificadas en los art\u00edculos 278, numerales 3 y 9, y 279, numeral 5, del C\u00f3digo de la Democracia.<\/p>\n<p>Una cuarta denuncia fue ingresada por Laura Wilches y otros ciudadanos, en cuyo caso el juez del TCE, \u00c1ngel Torres, pidi\u00f3 que aclaren y completen el escrito hasta el 15 de enero.<\/p>\n<p>&nbsp;<\/p>\n<p>&nbsp;<\/p>\n<\/div>\n","protected":false},"excerpt":{"rendered":"<p>El juez del Tribunal Contencioso Electoral (TCE), Joaqu\u00edn Viteri, admiti\u00f3 a tr\u00e1mite una de las denuncias por supuesta infracci\u00f3n electoral que acumula el presidente y candidato a la reelecci\u00f3n Daniel Noboa. Esta denuncia fue presentada el 9 de enero por Jorge Escala, candidato presidencial de la Unidad Popular; y Geovanni Atarihuana, director de esa organizaci\u00f3n [&hellip;]<\/p>\n","protected":false},"author":1,"featured_media":9170,"comment_status":"open","ping_status":"open","sticky":false,"template":"","format":"standard","meta":{"footnotes":""},"categories":[12],"tags":[],"_links":{"self":[{"href":"https:\/\/infozamoraec.com\/index.php\/wp-json\/wp\/v2\/posts\/9169"}],"collection":[{"href":"https:\/\/infozamoraec.com\/index.php\/wp-json\/wp\/v2\/posts"}],"about":[{"href":"https:\/\/infozamoraec.com\/index.php\/wp-json\/wp\/v2\/types\/post"}],"author":[{"embeddable":true,"href":"https:\/\/infozamoraec.com\/index.php\/wp-json\/wp\/v2\/users\/1"}],"replies":[{"embeddable":true,"href":"https:\/\/infozamoraec.com\/index.php\/wp-json\/wp\/v2\/comments?post=9169"}],"version-history":[{"count":1,"href":"https:\/\/infozamoraec.com\/index.php\/wp-json\/wp\/v2\/posts\/9169\/revisions"}],"predecessor-version":[{"id":9171,"href":"https:\/\/infozamoraec.com\/index.php\/wp-json\/wp\/v2\/posts\/9169\/revisions\/9171"}],"wp:featuredmedia":[{"embeddable":true,"href":"https:\/\/infozamoraec.com\/index.php\/wp-json\/wp\/v2\/media\/9170"}],"wp:attachment":[{"href":"https:\/\/infozamoraec.com\/index.php\/wp-json\/wp\/v2\/media?parent=9169"}],"wp:term":[{"taxonomy":"category","embeddable":true,"href":"https:\/\/infozamoraec.com\/index.php\/wp-json\/wp\/v2\/categories?post=9169"},{"taxonomy":"post_tag","embeddable":true,"href":"https:\/\/infozamoraec.com\/index.php\/wp-json\/wp\/v2\/tags?post=9169"}],"curies":[{"name":"wp","href":"https:\/\/api.w.org\/{rel}","templated":true}]}}