{"id":9166,"date":"2025-01-17T00:17:26","date_gmt":"2025-01-17T00:17:26","guid":{"rendered":"https:\/\/infozamoraec.com\/?p=9166"},"modified":"2025-01-17T00:17:26","modified_gmt":"2025-01-17T00:17:26","slug":"daniel-noboa-encarga-la-presidencia-para-asistir-al-debate","status":"publish","type":"post","link":"https:\/\/infozamoraec.com\/index.php\/2025\/01\/17\/daniel-noboa-encarga-la-presidencia-para-asistir-al-debate\/","title":{"rendered":"Daniel Noboa encarga la Presidencia para asistir al debate"},"content":{"rendered":"<p><a href=\"https:\/\/www.ecuavisa.com\/metadatos\/-\/meta\/daniel-noboa\" target=\"_blank\" rel=\"noopener noreferrer nofollow\">Daniel Noboa<\/a>\u00a0volvi\u00f3 a encargar la Presidencia de la Rep\u00fablica a\u00a0<strong>Cynthia Gellibert<\/strong>\u00a0desde las 18:00 del jueves 16 hasta las 22:00 del domingo 19 de enero, \u00aben raz\u00f3n de ausencia temporal\u00bb por los argumentos expuestos en la parte considerativa.<\/p>\n<p>En dicha parte considerativa se sostiene que hay \u00abuna situaci\u00f3n irresistible que configura la fuerza mayor\u00bb. Cita, por ejemplo, que la licencia que concede la Asamblea est\u00e1 \u00absupeditada a una aprobaci\u00f3n de car\u00e1cter pol\u00edtico, por tanto, el presidente\/candidato se expone a que sea negada, impidiendo el derecho a ser elegido, convirti\u00e9ndola as\u00ed en una figura no id\u00f3nea&#8230;\u00bb.<\/p>\n<p><strong>Que \u00abexiste una imposibilidad para tomar una licencia por campa\u00f1a electoral\u00bb y al mismo tiempo se debe cumplir con la normativa para no caer en una infracci\u00f3n electoral.<\/strong><\/p>\n<p>Que es necesario diferenciar entre las actividades del Presidente y el candidato y que resulta indispensable encargar la Presidencia \u00abpara evitar la acefal\u00eda institucional\u00bb.<\/p>\n<p>De esta manera, Noboa asistir\u00e1 al debate presidencial sin ostentar el cargo de Primer Mandatario, pues el evento se realizar\u00e1 el domingo de 19:00 a 22:00. Terminado el debate, retoma la Presidencia.<\/p>\n<p>Noboa se\u00f1ala que no utilizar\u00e1 ning\u00fan recurso p\u00fablico ni recibir\u00e1 ninguna remuneraci\u00f3n mientras dure la vigencia del decreto N\u00b0 505, suscrito este 16 de enero.<\/p>\n<p>El CNE ser\u00e1 notificado para que Noboa reciba el mismo contingente de seguridad que fue asignado en su calidad de candidato. La Asamblea Nacional tambi\u00e9n ser\u00e1 notificada. El decreto agrega que la ausencia temporal puede terminar anticipadamente, cuando Noboa as\u00ed lo crea conveniente.<\/p>\n","protected":false},"excerpt":{"rendered":"<p>Daniel Noboa\u00a0volvi\u00f3 a encargar la Presidencia de la Rep\u00fablica a\u00a0Cynthia Gellibert\u00a0desde las 18:00 del jueves 16 hasta las 22:00 del domingo 19 de enero, \u00aben raz\u00f3n de ausencia temporal\u00bb por los argumentos expuestos en la parte considerativa. En dicha parte considerativa se sostiene que hay \u00abuna situaci\u00f3n irresistible que configura la fuerza mayor\u00bb. Cita, por [&hellip;]<\/p>\n","protected":false},"author":1,"featured_media":9167,"comment_status":"open","ping_status":"open","sticky":false,"template":"","format":"standard","meta":{"footnotes":""},"categories":[12],"tags":[],"_links":{"self":[{"href":"https:\/\/infozamoraec.com\/index.php\/wp-json\/wp\/v2\/posts\/9166"}],"collection":[{"href":"https:\/\/infozamoraec.com\/index.php\/wp-json\/wp\/v2\/posts"}],"about":[{"href":"https:\/\/infozamoraec.com\/index.php\/wp-json\/wp\/v2\/types\/post"}],"author":[{"embeddable":true,"href":"https:\/\/infozamoraec.com\/index.php\/wp-json\/wp\/v2\/users\/1"}],"replies":[{"embeddable":true,"href":"https:\/\/infozamoraec.com\/index.php\/wp-json\/wp\/v2\/comments?post=9166"}],"version-history":[{"count":1,"href":"https:\/\/infozamoraec.com\/index.php\/wp-json\/wp\/v2\/posts\/9166\/revisions"}],"predecessor-version":[{"id":9168,"href":"https:\/\/infozamoraec.com\/index.php\/wp-json\/wp\/v2\/posts\/9166\/revisions\/9168"}],"wp:featuredmedia":[{"embeddable":true,"href":"https:\/\/infozamoraec.com\/index.php\/wp-json\/wp\/v2\/media\/9167"}],"wp:attachment":[{"href":"https:\/\/infozamoraec.com\/index.php\/wp-json\/wp\/v2\/media?parent=9166"}],"wp:term":[{"taxonomy":"category","embeddable":true,"href":"https:\/\/infozamoraec.com\/index.php\/wp-json\/wp\/v2\/categories?post=9166"},{"taxonomy":"post_tag","embeddable":true,"href":"https:\/\/infozamoraec.com\/index.php\/wp-json\/wp\/v2\/tags?post=9166"}],"curies":[{"name":"wp","href":"https:\/\/api.w.org\/{rel}","templated":true}]}}