{"id":9163,"date":"2025-01-17T00:15:37","date_gmt":"2025-01-17T00:15:37","guid":{"rendered":"https:\/\/infozamoraec.com\/?p=9163"},"modified":"2025-01-17T00:15:37","modified_gmt":"2025-01-17T00:15:37","slug":"abogado-del-hijo-de-veronica-abad-aprehendido-por-posesion-de-cartuchos-de-uso-militar","status":"publish","type":"post","link":"https:\/\/infozamoraec.com\/index.php\/2025\/01\/17\/abogado-del-hijo-de-veronica-abad-aprehendido-por-posesion-de-cartuchos-de-uso-militar\/","title":{"rendered":"Abogado del hijo de Ver\u00f3nica Abad aprehendido por posesi\u00f3n de cartuchos de uso militar"},"content":{"rendered":"<p>En medio de las investigaciones por el caso \u2018Fachada\u2019, el bogado del hijo de la vicepresidenta Ver\u00f3nica Abad es uno de los investigados en la nueva trama de corrupci\u00f3n judicial que sali\u00f3 a la luz este jueves 16 de enero de 2025. Oswaldo Trujillo es el abogado de Sebasti\u00e1n Barreiro, hijo de Abad.<img decoding=\"async\" src=\"https:\/\/servedby.revive-adserver.net\/lg.php?bannerid=0&amp;campaignid=0&amp;zoneid=2931&amp;loc=https%3A%2F%2Fwww.larepublica.ec%2Fblog%2F2025%2F01%2F16%2Fabogado-del-hijo-de-veronica-abad-aprehendido-con-cartuchos-de-uso-militar%2F&amp;referer=https%3A%2F%2Fwww.larepublica.ec%2F&amp;cb=4d9af06e04\" alt=\"\" width=\"0\" height=\"0\" \/><\/p>\n<p>Tejillo fue puesto en investigaci\u00f3n una vez que se le encontraron cartuchos de uso militar, los cuales no pudo justificar su tenencia. Por esta raz\u00f3n, la audiencia por el caso \u2018Nene\u2019, no pudo instalarse.<\/p>\n<p>Durante la madrugada, la Fiscal\u00eda General del Estado en conjunto con la Polic\u00eda Nacional llev\u00f3 a cabo una serie de allanamientos en Quito y Esmeraldas, por presunta delincuencia organizada y tr\u00e1fico de influencias que involucrar\u00eda a jueces anticorrupci\u00f3n y abogados.<\/p>\n","protected":false},"excerpt":{"rendered":"<p>En medio de las investigaciones por el caso \u2018Fachada\u2019, el bogado del hijo de la vicepresidenta Ver\u00f3nica Abad es uno de los investigados en la nueva trama de corrupci\u00f3n judicial que sali\u00f3 a la luz este jueves 16 de enero de 2025. Oswaldo Trujillo es el abogado de Sebasti\u00e1n Barreiro, hijo de Abad. Tejillo fue [&hellip;]<\/p>\n","protected":false},"author":1,"featured_media":9164,"comment_status":"open","ping_status":"open","sticky":false,"template":"","format":"standard","meta":{"footnotes":""},"categories":[12],"tags":[],"_links":{"self":[{"href":"https:\/\/infozamoraec.com\/index.php\/wp-json\/wp\/v2\/posts\/9163"}],"collection":[{"href":"https:\/\/infozamoraec.com\/index.php\/wp-json\/wp\/v2\/posts"}],"about":[{"href":"https:\/\/infozamoraec.com\/index.php\/wp-json\/wp\/v2\/types\/post"}],"author":[{"embeddable":true,"href":"https:\/\/infozamoraec.com\/index.php\/wp-json\/wp\/v2\/users\/1"}],"replies":[{"embeddable":true,"href":"https:\/\/infozamoraec.com\/index.php\/wp-json\/wp\/v2\/comments?post=9163"}],"version-history":[{"count":1,"href":"https:\/\/infozamoraec.com\/index.php\/wp-json\/wp\/v2\/posts\/9163\/revisions"}],"predecessor-version":[{"id":9165,"href":"https:\/\/infozamoraec.com\/index.php\/wp-json\/wp\/v2\/posts\/9163\/revisions\/9165"}],"wp:featuredmedia":[{"embeddable":true,"href":"https:\/\/infozamoraec.com\/index.php\/wp-json\/wp\/v2\/media\/9164"}],"wp:attachment":[{"href":"https:\/\/infozamoraec.com\/index.php\/wp-json\/wp\/v2\/media?parent=9163"}],"wp:term":[{"taxonomy":"category","embeddable":true,"href":"https:\/\/infozamoraec.com\/index.php\/wp-json\/wp\/v2\/categories?post=9163"},{"taxonomy":"post_tag","embeddable":true,"href":"https:\/\/infozamoraec.com\/index.php\/wp-json\/wp\/v2\/tags?post=9163"}],"curies":[{"name":"wp","href":"https:\/\/api.w.org\/{rel}","templated":true}]}}