{"id":9130,"date":"2025-01-16T03:02:48","date_gmt":"2025-01-16T03:02:48","guid":{"rendered":"https:\/\/infozamoraec.com\/?p=9130"},"modified":"2025-01-16T03:02:48","modified_gmt":"2025-01-16T03:02:48","slug":"gobierno-de-noboa-reactiva-proyecto-eolico-villonaco-iii","status":"publish","type":"post","link":"https:\/\/infozamoraec.com\/index.php\/2025\/01\/16\/gobierno-de-noboa-reactiva-proyecto-eolico-villonaco-iii\/","title":{"rendered":"Gobierno de Noboa reactiva proyecto e\u00f3lico Villonaco III"},"content":{"rendered":"<p>La ministra de Energ\u00eda, In\u00e9s Manzano, firm\u00f3 hoy, 15 de enero de 2025, la adenda al contrato de Villonaco III con el consorcio espa\u00f1ol Cobra Villonaco Energy. Este convenio permitir\u00e1 que comience a construirse este proyecto e\u00f3lico de 110 megavatios y estar\u00e1 ubicaado en la provincia de Loja.\u00a0<img decoding=\"async\" src=\"https:\/\/servedby.revive-adserver.net\/lg.php?bannerid=0&amp;campaignid=0&amp;zoneid=2931&amp;loc=https%3A%2F%2Fwww.larepublica.ec%2Fblog%2F2025%2F01%2F15%2Fgobierno-de-noboa-reactiva-proyecto-eolico-villonaco-iii%2F&amp;referer=https%3A%2F%2Fwww.larepublica.ec%2F&amp;cb=8dddae1b0f\" alt=\"\" width=\"0\" height=\"0\" \/><\/p>\n<p>Este es uno de los mayores proyectos de generaci\u00f3n de energ\u00edas renovables no convencionales del pa\u00eds, que fue adjudicado en 2020 en el gobierno de Len\u00edn Moreno a la empresa privada; es decir, su construcci\u00f3n no demandar\u00e1 de recursos p\u00fablicos.<\/p>\n<p>\u00abTras la firma de la adenda, el proyecto se reactiva desde ma\u00f1ana, 16 de enero de 2025, y la obra civil podr\u00eda comenzar en tres meses\u00bb, dijo Eduardo Mora, director pa\u00eds de Cobra Villonaco Energy.<\/p>\n<p>\u00abEs un proyecto que se ubicar\u00e1 en una zona a 3.000 metros sobre el nivel del mar, es el proyecto e\u00f3lico m\u00e1s dif\u00edcil en el mundo que se har\u00e1\u00bb, destac\u00f3 Mora, por lo que la inversi\u00f3n se ajust\u00f3.\u00a0La empresa se comprometi\u00f3, inicialmente, a invertir USD 181 millones, pero ahora\u00a0ser\u00e1 de USD 200 millones.<\/p>\n<p>Seg\u00fan el ejecutivo de la empresa, la construcci\u00f3n en s\u00ed tomar\u00e1 24 meses, por lo que el proyecto estar\u00e1 en operaci\u00f3n en marzo de 2027.<\/p>\n<p>\u00abEste es el inicio de una transformaci\u00f3n en que el sector privado va a poder invertir en el sector energ\u00e9tico en Ecuador\u00bb, dijo Mora. \u00abHa sido un reto, llevamos cuatro a\u00f1os de lucha, cuatro a\u00f1os de sin sabores, pero hoy cuatro a\u00f1os de alegr\u00eda\u00bb, destac\u00f3.<\/p>\n<p>Seg\u00fan Cobra Villonaco Energy, hay 10 proyectos de energ\u00eda renovable en el pa\u00eds ya adjudicados al sector privado, que tambi\u00e9n est\u00e1n a la espera de poder iniciar.<\/p>\n<p>In\u00e9s Manzano expres\u00f3 que la firma de esta adenda al contrato fue posible gracias a la intervenci\u00f3n del BID y al apoyo de la Agencia de los Estados Unidos para el Desarrollo Internacional (USAID), y del ministro de Finanzas, Juan Carlos Vega, que di\u00f3 el \u00abvisto bueno\u00bb.<\/p>\n<p>\u00abEste es un paso trascendental que va a fortalecer el sistema energ\u00e9tico ecuatoriano\u00bb, dijo la ministra de Energ\u00eda, In\u00e9s Manzano. Y a\u00f1adi\u00f3 que para lograr esta adenda al contrato fue necesario hacer modificaciones en regulaciones.<\/p>\n<p>La titular de Energ\u00eda agreg\u00f3 que este proyecto permitir\u00e1 la reducci\u00f3n de 321.000 toneladas de emisiones de carbono. Adem\u00e1s de los beneficios energ\u00e9ticos y ambientales, el proyecto generar\u00e1 m\u00e1s de 900 fuentes de empleo directas e indirectas, seg\u00fan Manzano.<\/p>\n","protected":false},"excerpt":{"rendered":"<p>La ministra de Energ\u00eda, In\u00e9s Manzano, firm\u00f3 hoy, 15 de enero de 2025, la adenda al contrato de Villonaco III con el consorcio espa\u00f1ol Cobra Villonaco Energy. Este convenio permitir\u00e1 que comience a construirse este proyecto e\u00f3lico de 110 megavatios y estar\u00e1 ubicaado en la provincia de Loja.\u00a0 Este es uno de los mayores proyectos [&hellip;]<\/p>\n","protected":false},"author":1,"featured_media":9131,"comment_status":"open","ping_status":"open","sticky":false,"template":"","format":"standard","meta":{"footnotes":""},"categories":[12],"tags":[],"_links":{"self":[{"href":"https:\/\/infozamoraec.com\/index.php\/wp-json\/wp\/v2\/posts\/9130"}],"collection":[{"href":"https:\/\/infozamoraec.com\/index.php\/wp-json\/wp\/v2\/posts"}],"about":[{"href":"https:\/\/infozamoraec.com\/index.php\/wp-json\/wp\/v2\/types\/post"}],"author":[{"embeddable":true,"href":"https:\/\/infozamoraec.com\/index.php\/wp-json\/wp\/v2\/users\/1"}],"replies":[{"embeddable":true,"href":"https:\/\/infozamoraec.com\/index.php\/wp-json\/wp\/v2\/comments?post=9130"}],"version-history":[{"count":1,"href":"https:\/\/infozamoraec.com\/index.php\/wp-json\/wp\/v2\/posts\/9130\/revisions"}],"predecessor-version":[{"id":9132,"href":"https:\/\/infozamoraec.com\/index.php\/wp-json\/wp\/v2\/posts\/9130\/revisions\/9132"}],"wp:featuredmedia":[{"embeddable":true,"href":"https:\/\/infozamoraec.com\/index.php\/wp-json\/wp\/v2\/media\/9131"}],"wp:attachment":[{"href":"https:\/\/infozamoraec.com\/index.php\/wp-json\/wp\/v2\/media?parent=9130"}],"wp:term":[{"taxonomy":"category","embeddable":true,"href":"https:\/\/infozamoraec.com\/index.php\/wp-json\/wp\/v2\/categories?post=9130"},{"taxonomy":"post_tag","embeddable":true,"href":"https:\/\/infozamoraec.com\/index.php\/wp-json\/wp\/v2\/tags?post=9130"}],"curies":[{"name":"wp","href":"https:\/\/api.w.org\/{rel}","templated":true}]}}