{"id":9127,"date":"2025-01-16T03:00:54","date_gmt":"2025-01-16T03:00:54","guid":{"rendered":"https:\/\/infozamoraec.com\/?p=9127"},"modified":"2025-01-16T03:00:54","modified_gmt":"2025-01-16T03:00:54","slug":"banco-central-la-economia-del-ecuador-se-contrajo-en-un-15-en-el-tercer-trimestre-de-2024","status":"publish","type":"post","link":"https:\/\/infozamoraec.com\/index.php\/2025\/01\/16\/banco-central-la-economia-del-ecuador-se-contrajo-en-un-15-en-el-tercer-trimestre-de-2024\/","title":{"rendered":"Banco Central: La econom\u00eda del Ecuador se contrajo en un 1,5 % en el tercer trimestre de 2024"},"content":{"rendered":"<p>El\u00a0<strong>Producto Interno Bruto (PIB)<\/strong>\u00a0del\u00a0<strong><a title=\"\" href=\"https:\/\/www.larepublica.ec\/blog\/2025\/01\/15\/noboa-genera-empleo-a-24433-chicos-con-plan-jovenes-en-accion\/\" target=\"_blank\" rel=\"noopener\">Ecuador<\/a>\u00a0<\/strong>se contrajo en un 1,5 % durante el tercer trimestre de 2024, seg\u00fan nuevos datos divulgados por el\u00a0<strong>Banco Central<\/strong>.<img decoding=\"async\" src=\"https:\/\/servedby.revive-adserver.net\/lg.php?bannerid=0&amp;campaignid=0&amp;zoneid=2931&amp;loc=https%3A%2F%2Fwww.larepublica.ec%2Fblog%2F2025%2F01%2F15%2Fbanco-central-la-economia-del-ecuador-se-contrajo-en-un-15-en-el-tercer-trimestre-de-2024%2F&amp;referer=https%3A%2F%2Fwww.larepublica.ec%2F&amp;cb=c7c65f905f\" alt=\"\" width=\"0\" height=\"0\" \/><\/p>\n<p>El decrecimiento del PIB en el trimestre anterior del mismo a\u00f1o fue de 2,2 %. Considerando que la econom\u00eda registra dos per\u00edodos consecutivos con crecimiento negativo, el pa\u00eds est\u00e1 pasando por una recesi\u00f3n.<\/p>\n<p>De acuerdo a los\u00a0<a title=\"\" href=\"https:\/\/www.bce.fin.ec\/boletines-de-prensa-archivo\/la-economia-ecuatoriana-reporto-una-contraccion-de-1-5-en-el-tercer-trimestre-de-2024\" target=\"_blank\" rel=\"noopener\">datos<\/a>\u00a0del Banco Central, el decrecimiento fue influenciado por una contracci\u00f3n del 5,1 % en las exportaciones y una ca\u00edda en el sector de la construcci\u00f3n. Por el contrario, las importaciones y el consumo de los hogares crecieron (en 0,3 % y 2,9 %, respectivamente).\u00a0<strong>(I)<\/strong><\/p>\n","protected":false},"excerpt":{"rendered":"<p>El\u00a0Producto Interno Bruto (PIB)\u00a0del\u00a0Ecuador\u00a0se contrajo en un 1,5 % durante el tercer trimestre de 2024, seg\u00fan nuevos datos divulgados por el\u00a0Banco Central. El decrecimiento del PIB en el trimestre anterior del mismo a\u00f1o fue de 2,2 %. Considerando que la econom\u00eda registra dos per\u00edodos consecutivos con crecimiento negativo, el pa\u00eds est\u00e1 pasando por una recesi\u00f3n. [&hellip;]<\/p>\n","protected":false},"author":1,"featured_media":9128,"comment_status":"open","ping_status":"open","sticky":false,"template":"","format":"standard","meta":{"footnotes":""},"categories":[12],"tags":[],"_links":{"self":[{"href":"https:\/\/infozamoraec.com\/index.php\/wp-json\/wp\/v2\/posts\/9127"}],"collection":[{"href":"https:\/\/infozamoraec.com\/index.php\/wp-json\/wp\/v2\/posts"}],"about":[{"href":"https:\/\/infozamoraec.com\/index.php\/wp-json\/wp\/v2\/types\/post"}],"author":[{"embeddable":true,"href":"https:\/\/infozamoraec.com\/index.php\/wp-json\/wp\/v2\/users\/1"}],"replies":[{"embeddable":true,"href":"https:\/\/infozamoraec.com\/index.php\/wp-json\/wp\/v2\/comments?post=9127"}],"version-history":[{"count":1,"href":"https:\/\/infozamoraec.com\/index.php\/wp-json\/wp\/v2\/posts\/9127\/revisions"}],"predecessor-version":[{"id":9129,"href":"https:\/\/infozamoraec.com\/index.php\/wp-json\/wp\/v2\/posts\/9127\/revisions\/9129"}],"wp:featuredmedia":[{"embeddable":true,"href":"https:\/\/infozamoraec.com\/index.php\/wp-json\/wp\/v2\/media\/9128"}],"wp:attachment":[{"href":"https:\/\/infozamoraec.com\/index.php\/wp-json\/wp\/v2\/media?parent=9127"}],"wp:term":[{"taxonomy":"category","embeddable":true,"href":"https:\/\/infozamoraec.com\/index.php\/wp-json\/wp\/v2\/categories?post=9127"},{"taxonomy":"post_tag","embeddable":true,"href":"https:\/\/infozamoraec.com\/index.php\/wp-json\/wp\/v2\/tags?post=9127"}],"curies":[{"name":"wp","href":"https:\/\/api.w.org\/{rel}","templated":true}]}}