{"id":9004,"date":"2025-01-11T00:32:20","date_gmt":"2025-01-11T00:32:20","guid":{"rendered":"https:\/\/infozamoraec.com\/?p=9004"},"modified":"2025-01-11T00:32:20","modified_gmt":"2025-01-11T00:32:20","slug":"mesa-tecnica-de-trabajo-2-aborda-situacion-del-dengue-en-el-canton-zamora","status":"publish","type":"post","link":"https:\/\/infozamoraec.com\/index.php\/2025\/01\/11\/mesa-tecnica-de-trabajo-2-aborda-situacion-del-dengue-en-el-canton-zamora\/","title":{"rendered":"Mesa T\u00e9cnica de Trabajo 2 aborda situaci\u00f3n del Dengue en el cant\u00f3n Zamora"},"content":{"rendered":"<p>La Mesa T\u00e9cnica de Trabajo 2 del cant\u00f3n Zamora se reuni\u00f3 para analizar la situaci\u00f3n actual del Dengue la jurisdicci\u00f3n cantonal. Durante el encuentro, se establecieron varios acuerdos para combatir la propagaci\u00f3n de la enfermedad.<\/p>\n<p>Se acord\u00f3 realizar mingas de limpieza y fumigaci\u00f3n con la participaci\u00f3n de instituciones p\u00fablicas y la sociedad civil, bajo la coordinaci\u00f3n del Ministerio de Salud P\u00fablica. Adem\u00e1s, se hizo un llamado a la ciudadan\u00eda para que lleve a cabo actividades de limpieza en sus hogares con el fin de eliminar los criaderos del mosquito <em>Aedes aegypti<\/em>, transmisor del Dengue.<\/p>\n<p>Otro de los acuerdos fue fortalecer las acciones de prevenci\u00f3n en relaci\u00f3n a la automedicaci\u00f3n, especialmente en lo que respecta a la venta de antiinflamatorios, que deber\u00e1n ser vendidos solo con receta m\u00e9dica.<\/p>\n<p>Finalmente, se decidi\u00f3 socializar las medidas de prevenci\u00f3n en establecimientos educativos, promoviendo la eliminaci\u00f3n de criaderos a trav\u00e9s de mingas comunitarias.<\/p>\n","protected":false},"excerpt":{"rendered":"<p>La Mesa T\u00e9cnica de Trabajo 2 del cant\u00f3n Zamora se reuni\u00f3 para analizar la situaci\u00f3n actual del Dengue la jurisdicci\u00f3n cantonal. Durante el encuentro, se establecieron varios acuerdos para combatir la propagaci\u00f3n de la enfermedad. Se acord\u00f3 realizar mingas de limpieza y fumigaci\u00f3n con la participaci\u00f3n de instituciones p\u00fablicas y la sociedad civil, bajo la [&hellip;]<\/p>\n","protected":false},"author":1,"featured_media":9005,"comment_status":"open","ping_status":"open","sticky":false,"template":"","format":"standard","meta":{"footnotes":""},"categories":[9],"tags":[],"_links":{"self":[{"href":"https:\/\/infozamoraec.com\/index.php\/wp-json\/wp\/v2\/posts\/9004"}],"collection":[{"href":"https:\/\/infozamoraec.com\/index.php\/wp-json\/wp\/v2\/posts"}],"about":[{"href":"https:\/\/infozamoraec.com\/index.php\/wp-json\/wp\/v2\/types\/post"}],"author":[{"embeddable":true,"href":"https:\/\/infozamoraec.com\/index.php\/wp-json\/wp\/v2\/users\/1"}],"replies":[{"embeddable":true,"href":"https:\/\/infozamoraec.com\/index.php\/wp-json\/wp\/v2\/comments?post=9004"}],"version-history":[{"count":1,"href":"https:\/\/infozamoraec.com\/index.php\/wp-json\/wp\/v2\/posts\/9004\/revisions"}],"predecessor-version":[{"id":9006,"href":"https:\/\/infozamoraec.com\/index.php\/wp-json\/wp\/v2\/posts\/9004\/revisions\/9006"}],"wp:featuredmedia":[{"embeddable":true,"href":"https:\/\/infozamoraec.com\/index.php\/wp-json\/wp\/v2\/media\/9005"}],"wp:attachment":[{"href":"https:\/\/infozamoraec.com\/index.php\/wp-json\/wp\/v2\/media?parent=9004"}],"wp:term":[{"taxonomy":"category","embeddable":true,"href":"https:\/\/infozamoraec.com\/index.php\/wp-json\/wp\/v2\/categories?post=9004"},{"taxonomy":"post_tag","embeddable":true,"href":"https:\/\/infozamoraec.com\/index.php\/wp-json\/wp\/v2\/tags?post=9004"}],"curies":[{"name":"wp","href":"https:\/\/api.w.org\/{rel}","templated":true}]}}