{"id":8954,"date":"2025-01-09T01:45:33","date_gmt":"2025-01-09T01:45:33","guid":{"rendered":"https:\/\/infozamoraec.com\/?p=8954"},"modified":"2025-01-09T01:45:33","modified_gmt":"2025-01-09T01:45:33","slug":"alias-gordo-mendoza-mano-derecha-de-fito-fue-asesinado-en-la-carcel-la-roca","status":"publish","type":"post","link":"https:\/\/infozamoraec.com\/index.php\/2025\/01\/09\/alias-gordo-mendoza-mano-derecha-de-fito-fue-asesinado-en-la-carcel-la-roca\/","title":{"rendered":"Alias Gordo Mendoza, mano derecha de Fito, fue asesinado en la c\u00e1rcel La Roca"},"content":{"rendered":"<p>El crimen fue perpetrado por el integrante de una organizaci\u00f3n criminal rival a Los \u00c1guilas.<\/p>\n<p>Freddy Gonzalo Mendoza Fern\u00e1ndez, alias\u00a0<strong>Gordo Mendoza<\/strong>, mano derecha de alias\u00a0<strong>Fito<\/strong>, cabecilla de\u00a0<strong>Los Choneros<\/strong>, fue asesinado la tarde de este mi\u00e9rcoles 8 de enero en la c\u00e1rcel de m\u00e1xima seguridad conocida como\u00a0<strong>La Roca<\/strong>, ubicada en la v\u00eda Guayaquil-Daule.<\/p>\n<p><strong>El perfil de Mendoza y su historial judicial<\/strong><\/p>\n<p>Mendoza, quien enfrentaba 10 procesos judiciales por delitos como tenencia de armas, robo, lesiones, ingreso de art\u00edculos prohibidos y asesinato, hab\u00eda sido trasladado a La Roca junto a\u00a0<strong>Adolfo Mac\u00edas Villamar<\/strong>, alias \u00abFito\u00bb, en agosto de 2023. Sin embargo, ambos fueron regresados a la c\u00e1rcel Regional debido a la destrucci\u00f3n del techo de La Roca por una explosi\u00f3n.<\/p>\n<p>El crimen ocurri\u00f3 justo un a\u00f1o despu\u00e9s de la fuga de Fito, quien sigue pr\u00f3fugo desde enero de 2024. Seg\u00fan fuentes policiales, Mendoza, miembro de la banda Los \u00c1guilas, brazo armado de Los Choneros, fue asesinado a tiros. \u00abSali\u00f3 al patio en compa\u00f1\u00eda de Julio Alberto Mart\u00ednez Alc\u00edvar, alias &#8216;Negro Tulio&#8217;, y se acerc\u00f3 a su celda n\u00famero 13. Desde la celda 10, el reo\u00a0<strong>Bernardo Mauricio Segura Ver<\/strong>a, presunto miembro de Los Lobos, dispar\u00f3 varias veces, causando su muerte\u00bb, detall\u00f3 una fuente policial.<\/p>\n<p><strong>Investigaci\u00f3n en curso<\/strong><\/p>\n<p>Tras el asesinato, llegaron agentes de Criminal\u00edstica,\u00a0<strong>Dinased<\/strong>\u00a0y Medicina Legal para levantar el cad\u00e1ver y recoger pruebas. En el lugar se hall\u00f3 una pistola Glock y 22 cartuchos percutidos.<\/p>\n","protected":false},"excerpt":{"rendered":"<p>El crimen fue perpetrado por el integrante de una organizaci\u00f3n criminal rival a Los \u00c1guilas. Freddy Gonzalo Mendoza Fern\u00e1ndez, alias\u00a0Gordo Mendoza, mano derecha de alias\u00a0Fito, cabecilla de\u00a0Los Choneros, fue asesinado la tarde de este mi\u00e9rcoles 8 de enero en la c\u00e1rcel de m\u00e1xima seguridad conocida como\u00a0La Roca, ubicada en la v\u00eda Guayaquil-Daule. El perfil de [&hellip;]<\/p>\n","protected":false},"author":1,"featured_media":8955,"comment_status":"open","ping_status":"open","sticky":false,"template":"","format":"standard","meta":{"footnotes":""},"categories":[12],"tags":[],"_links":{"self":[{"href":"https:\/\/infozamoraec.com\/index.php\/wp-json\/wp\/v2\/posts\/8954"}],"collection":[{"href":"https:\/\/infozamoraec.com\/index.php\/wp-json\/wp\/v2\/posts"}],"about":[{"href":"https:\/\/infozamoraec.com\/index.php\/wp-json\/wp\/v2\/types\/post"}],"author":[{"embeddable":true,"href":"https:\/\/infozamoraec.com\/index.php\/wp-json\/wp\/v2\/users\/1"}],"replies":[{"embeddable":true,"href":"https:\/\/infozamoraec.com\/index.php\/wp-json\/wp\/v2\/comments?post=8954"}],"version-history":[{"count":1,"href":"https:\/\/infozamoraec.com\/index.php\/wp-json\/wp\/v2\/posts\/8954\/revisions"}],"predecessor-version":[{"id":8956,"href":"https:\/\/infozamoraec.com\/index.php\/wp-json\/wp\/v2\/posts\/8954\/revisions\/8956"}],"wp:featuredmedia":[{"embeddable":true,"href":"https:\/\/infozamoraec.com\/index.php\/wp-json\/wp\/v2\/media\/8955"}],"wp:attachment":[{"href":"https:\/\/infozamoraec.com\/index.php\/wp-json\/wp\/v2\/media?parent=8954"}],"wp:term":[{"taxonomy":"category","embeddable":true,"href":"https:\/\/infozamoraec.com\/index.php\/wp-json\/wp\/v2\/categories?post=8954"},{"taxonomy":"post_tag","embeddable":true,"href":"https:\/\/infozamoraec.com\/index.php\/wp-json\/wp\/v2\/tags?post=8954"}],"curies":[{"name":"wp","href":"https:\/\/api.w.org\/{rel}","templated":true}]}}