{"id":8918,"date":"2025-01-08T04:02:05","date_gmt":"2025-01-08T04:02:05","guid":{"rendered":"https:\/\/infozamoraec.com\/?p=8918"},"modified":"2025-01-08T04:02:05","modified_gmt":"2025-01-08T04:02:05","slug":"renovacion-del-consejo-de-judicatura-bloqueado-por-retrasos-en-ternas","status":"publish","type":"post","link":"https:\/\/infozamoraec.com\/index.php\/2025\/01\/08\/renovacion-del-consejo-de-judicatura-bloqueado-por-retrasos-en-ternas\/","title":{"rendered":"Renovaci\u00f3n del Consejo de Judicatura bloqueado por retrasos en ternas"},"content":{"rendered":"<div class=\"cp-excerpt-xl\">\n<p>Ni la Corte Nacional de Justicia ni el Ejecutivo entregan todav\u00eda ternas al Cpccs para la renovaci\u00f3n del Consejo de la Judicatura.<\/p>\n<p>El proceso de renovaci\u00f3n del Consejo de la Judicatura est\u00e1 detenido debido a que no todos los entes nominadores entregan sus ternas, una semana despu\u00e9s de que concluyera el plazo inicial dado por el Consejo de Participaci\u00f3n Ciudadana y Control Social (Cpccs).<\/p>\n<p>El organismo encargado de este proceso inform\u00f3 que, hasta este martes, 7 de enero de 2025, han cumplido con este paso la Asamblea Nacional, la Fiscal\u00eda General del Estado y la Defensor\u00eda P\u00fablica. Sin embargo, a\u00fan faltan las propuestas del Ejecutivo y la Corte Nacional de Justicia.<\/p>\n<p>Aunque el plazo para presentar las ternas venci\u00f3 el pasado 30 de diciembre, el Consejo de Participaci\u00f3n Ciudadana acept\u00f3 una pr\u00f3rroga solicitada por la Corte Nacional de Justicia, pero entre los jueces todav\u00eda no hay consensos para definir la terna en una sesi\u00f3n plenaria.<\/p>\n<p>La Corte Nacional debe proponer la terna de la que saldr\u00e1 el pr\u00f3ximo presidente del Consejo.<\/p>\n<p>Con la designaci\u00f3n de los nuevos vocales, se busca cerrar un ciclo marcado por denuncias de corrupci\u00f3n y seis a\u00f1os de inestabilidad en el Consejo de la Judicatura, que fue presidido por Wilman Ter\u00e1n, sentenciado por delincuencia organizada en el caso Met\u00e1stasis.<\/p>\n<p>\u201cLa selecci\u00f3n debe enfocarse en perfiles alejados de se\u00f1alamientos por corrupci\u00f3n, que puedan garantizar procesos judiciales transparentes\u201d, dijo a Teleamazonas Pa\u00fal Oca\u00f1a, de la Federaci\u00f3n de Abogados.<\/p>\n<p>El organismo encargado de la administraci\u00f3n y disciplina de jueces y fiscales est\u00e1 conformado por cinco vocales, designados desde las ternas de la Fiscal\u00eda, Defensor\u00eda P\u00fablica, Ejecutivo, Asamblea Nacional y Corte Nacional de Justicia.<\/p>\n<p>Las ternas<\/p>\n<p>De las ternas ya presentadas, la Asamblea Nacional propuso a Pablo Villag\u00f3mez Reinel, Yolanda Salgado Guerr\u00f3n e Iv\u00e1n Montero L\u00f3pez.<\/p>\n<p>Por su parte, la Fiscal\u00eda General present\u00f3 a Magaly Ruiz Cajas, Nicol\u00e1s Burneo Arias y Estuardo Salvador Salvador.<\/p>\n<p>La m\u00e1s reciente fue la de la Defensor\u00eda P\u00fablica, que incluy\u00f3 a Fausto Andrade Vera, Wendy Moncayo Salgado y Santiago Valarezo Guerrero.<\/p>\n<p>El reglamento estipula que este proceso contar\u00e1 con una veedur\u00eda ciudadana y pasar\u00e1 por una fase de escrutinio p\u00fablico e impugnaci\u00f3n ciudadana, antes de culminar con la designaci\u00f3n de las nuevas autoridades titulares y suplentes.<\/p>\n<p>El Cpccs dijo que ha recibido un total de 80 inscripciones para ser parte de la veedur\u00eda ciudadana para este proceso.<\/p>\n<p>&nbsp;<\/p>\n<\/div>\n","protected":false},"excerpt":{"rendered":"<p>Ni la Corte Nacional de Justicia ni el Ejecutivo entregan todav\u00eda ternas al Cpccs para la renovaci\u00f3n del Consejo de la Judicatura. El proceso de renovaci\u00f3n del Consejo de la Judicatura est\u00e1 detenido debido a que no todos los entes nominadores entregan sus ternas, una semana despu\u00e9s de que concluyera el plazo inicial dado por [&hellip;]<\/p>\n","protected":false},"author":1,"featured_media":8919,"comment_status":"open","ping_status":"open","sticky":false,"template":"","format":"standard","meta":{"footnotes":""},"categories":[12],"tags":[],"_links":{"self":[{"href":"https:\/\/infozamoraec.com\/index.php\/wp-json\/wp\/v2\/posts\/8918"}],"collection":[{"href":"https:\/\/infozamoraec.com\/index.php\/wp-json\/wp\/v2\/posts"}],"about":[{"href":"https:\/\/infozamoraec.com\/index.php\/wp-json\/wp\/v2\/types\/post"}],"author":[{"embeddable":true,"href":"https:\/\/infozamoraec.com\/index.php\/wp-json\/wp\/v2\/users\/1"}],"replies":[{"embeddable":true,"href":"https:\/\/infozamoraec.com\/index.php\/wp-json\/wp\/v2\/comments?post=8918"}],"version-history":[{"count":1,"href":"https:\/\/infozamoraec.com\/index.php\/wp-json\/wp\/v2\/posts\/8918\/revisions"}],"predecessor-version":[{"id":8920,"href":"https:\/\/infozamoraec.com\/index.php\/wp-json\/wp\/v2\/posts\/8918\/revisions\/8920"}],"wp:featuredmedia":[{"embeddable":true,"href":"https:\/\/infozamoraec.com\/index.php\/wp-json\/wp\/v2\/media\/8919"}],"wp:attachment":[{"href":"https:\/\/infozamoraec.com\/index.php\/wp-json\/wp\/v2\/media?parent=8918"}],"wp:term":[{"taxonomy":"category","embeddable":true,"href":"https:\/\/infozamoraec.com\/index.php\/wp-json\/wp\/v2\/categories?post=8918"},{"taxonomy":"post_tag","embeddable":true,"href":"https:\/\/infozamoraec.com\/index.php\/wp-json\/wp\/v2\/tags?post=8918"}],"curies":[{"name":"wp","href":"https:\/\/api.w.org\/{rel}","templated":true}]}}