{"id":8915,"date":"2025-01-08T04:00:01","date_gmt":"2025-01-08T04:00:01","guid":{"rendered":"https:\/\/infozamoraec.com\/?p=8915"},"modified":"2025-01-08T04:00:01","modified_gmt":"2025-01-08T04:00:01","slug":"daniel-noboa-encarga-la-presidencia-de-ecuador-a-cynthia-gellibert","status":"publish","type":"post","link":"https:\/\/infozamoraec.com\/index.php\/2025\/01\/08\/daniel-noboa-encarga-la-presidencia-de-ecuador-a-cynthia-gellibert\/","title":{"rendered":"Daniel Noboa encarga la Presidencia de Ecuador a Cynthia Gellibert"},"content":{"rendered":"<p>El primer mandatario dispuso la medida en el Decreto Ejecutivo N\u00b0 500, emitido este martes 7 de enero.<\/p>\n<p>Este martes 7 de enero,\u00a0<strong>el primer mandatario ecuatoriano Daniel Noboa dispuso encargar la Presidencia de la Rep\u00fablica a Cynthia Gellibert<\/strong>, quien hab\u00eda sido designada d\u00edas atr\u00e1s como vicepresidenta de la naci\u00f3n, y quien se desempe\u00f1aba como secretaria general de la Administraci\u00f3n P\u00fablica.<\/p>\n<p>Noboa dispuso esta medida a trav\u00e9s del Decreto Ejecutivo N\u00b0 500. En el documento, el mandatario se\u00f1al\u00f3 que el tiempo en que encargar\u00e1 a Gellibert la Presidencia ser\u00e1\u00a0<strong>desde las 17:00 del jueves 9 de enero hasta las 16:59 del domingo 12 de enero<\/strong>.<\/p>\n<p>En el decreto,\u00a0<strong>Noboa explic\u00f3 que adopt\u00f3 esta decisi\u00f3n ante la \u00abambig\u00fcedad del pronunciamiento\u00bb realizado por el Consejo Nacional Electoral (CNE)<\/strong>\u00a0en las \u00faltimas horas y \u00abdados los inconmensurables supuestos que pueden aparecer por la percepci\u00f3n de cada ciudadano sobre los actos que realiza el Presidente de la Rep\u00fablica\u00bb.<\/p>\n<p>Dijo que\u00a0<strong>aquello podr\u00eda confundirse \u00abcon un acto proselitista<\/strong>\u00a0y de paso a denuncias por una infracci\u00f3n electoral\u00bb, a la que calific\u00f3 como una \u00abcircunstancia de fuerza mayor que impiden ejercer la Presidencia de la Rep\u00fablica\u00bb.<\/p>\n<p>Por ello, indic\u00f3 en el documento, fue necesario adoptar esa medida, \u00abpara garantizar los principios de transparencia, equidad y seguridad jur\u00eddica, as\u00ed como\u00a0<strong>cumplir con un uso adecuado de los recursos p\u00fablicos<\/strong>; de forma voluntaria, se separen y diferencien los periodos en los que el Presidente de la Rep\u00fablica ejerce sus funciones como tal, y los momentos en los que se ausenta temporalmente del cargo para realizar actividades proselitistas\u00bb.<\/p>\n<p>En el art\u00edculo 2 del decreto, se expone que mientras dure el encargo de la Presidencia,\u00a0<strong>Noboa \u00abno utilizar\u00e1 ning\u00fan recurso p\u00fablico, ni recibir\u00e1 remuneraci\u00f3n alguna\u00bb<\/strong>.<\/p>\n<p>Tambi\u00e9n se decret\u00f3 requerir al\u00a0<strong>Consejo Nacional Electoral que coordine la asignaci\u00f3n de seguridad a Noboa<\/strong>. Adem\u00e1s, la ausencia temporal del presidente podr\u00e1 terminar en forma anticipada, por decisi\u00f3n del primer mandatario.<\/p>\n","protected":false},"excerpt":{"rendered":"<p>El primer mandatario dispuso la medida en el Decreto Ejecutivo N\u00b0 500, emitido este martes 7 de enero. Este martes 7 de enero,\u00a0el primer mandatario ecuatoriano Daniel Noboa dispuso encargar la Presidencia de la Rep\u00fablica a Cynthia Gellibert, quien hab\u00eda sido designada d\u00edas atr\u00e1s como vicepresidenta de la naci\u00f3n, y quien se desempe\u00f1aba como secretaria [&hellip;]<\/p>\n","protected":false},"author":1,"featured_media":8916,"comment_status":"open","ping_status":"open","sticky":false,"template":"","format":"standard","meta":{"footnotes":""},"categories":[12],"tags":[],"_links":{"self":[{"href":"https:\/\/infozamoraec.com\/index.php\/wp-json\/wp\/v2\/posts\/8915"}],"collection":[{"href":"https:\/\/infozamoraec.com\/index.php\/wp-json\/wp\/v2\/posts"}],"about":[{"href":"https:\/\/infozamoraec.com\/index.php\/wp-json\/wp\/v2\/types\/post"}],"author":[{"embeddable":true,"href":"https:\/\/infozamoraec.com\/index.php\/wp-json\/wp\/v2\/users\/1"}],"replies":[{"embeddable":true,"href":"https:\/\/infozamoraec.com\/index.php\/wp-json\/wp\/v2\/comments?post=8915"}],"version-history":[{"count":1,"href":"https:\/\/infozamoraec.com\/index.php\/wp-json\/wp\/v2\/posts\/8915\/revisions"}],"predecessor-version":[{"id":8917,"href":"https:\/\/infozamoraec.com\/index.php\/wp-json\/wp\/v2\/posts\/8915\/revisions\/8917"}],"wp:featuredmedia":[{"embeddable":true,"href":"https:\/\/infozamoraec.com\/index.php\/wp-json\/wp\/v2\/media\/8916"}],"wp:attachment":[{"href":"https:\/\/infozamoraec.com\/index.php\/wp-json\/wp\/v2\/media?parent=8915"}],"wp:term":[{"taxonomy":"category","embeddable":true,"href":"https:\/\/infozamoraec.com\/index.php\/wp-json\/wp\/v2\/categories?post=8915"},{"taxonomy":"post_tag","embeddable":true,"href":"https:\/\/infozamoraec.com\/index.php\/wp-json\/wp\/v2\/tags?post=8915"}],"curies":[{"name":"wp","href":"https:\/\/api.w.org\/{rel}","templated":true}]}}