{"id":8909,"date":"2025-01-08T03:56:23","date_gmt":"2025-01-08T03:56:23","guid":{"rendered":"https:\/\/infozamoraec.com\/?p=8909"},"modified":"2025-01-08T03:56:23","modified_gmt":"2025-01-08T03:56:23","slug":"noboa-visita-centro-de-referencia-nacional-de-contencion-de-amenazas-biologicas-para-la-salud-publica","status":"publish","type":"post","link":"https:\/\/infozamoraec.com\/index.php\/2025\/01\/08\/noboa-visita-centro-de-referencia-nacional-de-contencion-de-amenazas-biologicas-para-la-salud-publica\/","title":{"rendered":"Noboa visita Centro de Referencia Nacional de Contenci\u00f3n de Amenazas Biol\u00f3gicas para la Salud P\u00fablica"},"content":{"rendered":"<p>El presidente de la Rep\u00fablica,\u00a0<strong><a href=\"https:\/\/www.larepublica.ec\/blog\/2024\/12\/26\/daniel-noboa-ganaria-en-una-sola-vuelta-segun-cedatos\/\" target=\"_blank\" rel=\"noopener\">Daniel Noboa<\/a><\/strong>, visit\u00f3 el Centro de Referencia Nacional de Contenci\u00f3n de Amenazas Biol\u00f3gicas para la Salud P\u00fablica, en Guayaquil, este martes, 7 de enero.<img decoding=\"async\" src=\"https:\/\/servedby.revive-adserver.net\/lg.php?bannerid=0&amp;campaignid=0&amp;zoneid=2931&amp;loc=https%3A%2F%2Fwww.larepublica.ec%2Fblog%2F2025%2F01%2F07%2Fnoboa-visita-centro-de-referencia-nacional-de-contencion-de-amenazas-biologicas-para-la-salud-publica%2F&amp;referer=https%3A%2F%2Fwww.larepublica.ec%2F&amp;cb=32d125c3cd\" alt=\"\" width=\"0\" height=\"0\" \/><\/p>\n<p>Seg\u00fan\u00a0<strong><a title=\"\" href=\"https:\/\/x.com\/DanielNoboaOk\" target=\"_blank\">Noboa<\/a><\/strong>,\u00a0<strong>\u00abreafirmamos el compromiso del Gobierno Nacional, con la soberan\u00eda sanitaria y la independencia cient\u00edfica, elementos esenciales para enfrentar emergencias de salud p\u00fablica, con mayor fortaleza\u00bb.<\/strong><\/p>\n<p>Noboa, adem\u00e1s, subray\u00f3 la necesidad urgente que ten\u00eda Ecuador de contar con su primer Laboratorio de Bioseguridad de Nivel 3 (BSL-3).<\/p>\n<p><strong>\u201cEstamos tomando las decisiones correctas como Estado, como Gobierno y como ecuatorianos<\/strong>\u00ab, expuso.<\/p>\n<p>\u00ab<strong>Este es un paso hacia adelante, devolvi\u00e9ndole al pa\u00eds un centro tan crucial que representa un verdadero motivo de orgullo para la naci\u00f3n\u201d,<\/strong>\u00a0expres\u00f3.<\/p>\n<h2 class=\"wp-block-heading\">\u00bfCu\u00e1l es su objetivo?<\/h2>\n<p>Acelerar los procesos t\u00e9cnicos y administrativos necesarios para finalizar tanto la construcci\u00f3n como el equipamiento de este laboratorio.<\/p>\n<p><strong>\u201cNos enfocamos en lo esencial, en lo sostenible, en restaurar para Ecuador lo que hab\u00eda perdido y por lo que tanto luch\u00f3 durante a\u00f1os: el reconocimiento y el prestigio, no solo a nivel regional, sino global\u201d,\u00a0<\/strong>manifest\u00f3 Noboa.<\/p>\n<p>As\u00ed, el Gobierno Nacional reafirma su compromiso de seguir invirtiendo en ciencia, tecnolog\u00eda e innovaci\u00f3n, priorizando proyectos que mejoren la calidad de vida de los ciudadanos y fortalezcan la capacidad del pa\u00eds para enfrentar retos sanitarios.<\/p>\n","protected":false},"excerpt":{"rendered":"<p>El presidente de la Rep\u00fablica,\u00a0Daniel Noboa, visit\u00f3 el Centro de Referencia Nacional de Contenci\u00f3n de Amenazas Biol\u00f3gicas para la Salud P\u00fablica, en Guayaquil, este martes, 7 de enero. Seg\u00fan\u00a0Noboa,\u00a0\u00abreafirmamos el compromiso del Gobierno Nacional, con la soberan\u00eda sanitaria y la independencia cient\u00edfica, elementos esenciales para enfrentar emergencias de salud p\u00fablica, con mayor fortaleza\u00bb. Noboa, adem\u00e1s, [&hellip;]<\/p>\n","protected":false},"author":1,"featured_media":8910,"comment_status":"open","ping_status":"open","sticky":false,"template":"","format":"standard","meta":{"footnotes":""},"categories":[12],"tags":[],"_links":{"self":[{"href":"https:\/\/infozamoraec.com\/index.php\/wp-json\/wp\/v2\/posts\/8909"}],"collection":[{"href":"https:\/\/infozamoraec.com\/index.php\/wp-json\/wp\/v2\/posts"}],"about":[{"href":"https:\/\/infozamoraec.com\/index.php\/wp-json\/wp\/v2\/types\/post"}],"author":[{"embeddable":true,"href":"https:\/\/infozamoraec.com\/index.php\/wp-json\/wp\/v2\/users\/1"}],"replies":[{"embeddable":true,"href":"https:\/\/infozamoraec.com\/index.php\/wp-json\/wp\/v2\/comments?post=8909"}],"version-history":[{"count":1,"href":"https:\/\/infozamoraec.com\/index.php\/wp-json\/wp\/v2\/posts\/8909\/revisions"}],"predecessor-version":[{"id":8911,"href":"https:\/\/infozamoraec.com\/index.php\/wp-json\/wp\/v2\/posts\/8909\/revisions\/8911"}],"wp:featuredmedia":[{"embeddable":true,"href":"https:\/\/infozamoraec.com\/index.php\/wp-json\/wp\/v2\/media\/8910"}],"wp:attachment":[{"href":"https:\/\/infozamoraec.com\/index.php\/wp-json\/wp\/v2\/media?parent=8909"}],"wp:term":[{"taxonomy":"category","embeddable":true,"href":"https:\/\/infozamoraec.com\/index.php\/wp-json\/wp\/v2\/categories?post=8909"},{"taxonomy":"post_tag","embeddable":true,"href":"https:\/\/infozamoraec.com\/index.php\/wp-json\/wp\/v2\/tags?post=8909"}],"curies":[{"name":"wp","href":"https:\/\/api.w.org\/{rel}","templated":true}]}}