{"id":8899,"date":"2025-01-08T03:43:53","date_gmt":"2025-01-08T03:43:53","guid":{"rendered":"https:\/\/infozamoraec.com\/?p=8899"},"modified":"2025-01-08T03:43:53","modified_gmt":"2025-01-08T03:43:53","slug":"inicia-el-cobro-del-impuesto-predial-en-yantzaza","status":"publish","type":"post","link":"https:\/\/infozamoraec.com\/index.php\/2025\/01\/08\/inicia-el-cobro-del-impuesto-predial-en-yantzaza\/","title":{"rendered":"Inicia el cobro del impuesto predial  en Yantzaza"},"content":{"rendered":"<p>El art\u00edculo 511 del C\u00f3digo Org\u00e1nico de Organizaci\u00f3n Territorial, Autonom\u00eda y Descentralizaci\u00f3n (COOTAD), establece la responsabilidad que tienen lo municipios para el cobro anual del impuesto predial.<\/p>\n<p>En tal virtud, el Gobierno Municipal de Yantzaza, habilit\u00f3 durante la presente semana, varios canales de recaudaci\u00f3n para que la comunidad yantzacense, pueda acceder a la cancelaci\u00f3n oportuna de este tributo, toda vez que, se establecen descuentos que van del 10 al 1% entre enero y junio de cada a\u00f1o.<\/p>\n<p>Las ventanillas habilitadas se encuentran en: Edificio Municipal, Camal Municipal y Unidad T\u00e9cnica de Movilidad; as\u00ed mismo, se puede cancelar v\u00eda transferencia electr\u00f3nica y por medio de las aplicaciones digitales de las cooperativas crediticias acreditadas con la Municipalidad.<\/p>\n<p>De la misma forma, las consultas de los valores se los puede hacer en l\u00ednea por medio de la p\u00e1gina web municipal: www.yantzaza.gob.ec. La concurrencia del p\u00fablico ha sido muy nutrida en los primeros d\u00edas del 2025.<\/p>\n<p>Daniela Abad, directora financiera de la Municipalidad, destac\u00f3 que \u201clos prop\u00f3sitos de una recaudaci\u00f3n oportuna entre la Entidad Municipal y la ciudadan\u00eda, es generar una cultura tributaria oportuna, as\u00ed como concientizar en la poblaci\u00f3n, que estos recursos se convierten en obras y proyectos que favorecen a los yantzacenses.<\/p>\n<p>Uno de los contribuyentes, que ha decidi\u00f3 aportar oportunamente con el cant\u00f3n, es Rafael Villalva, quien este martes 7 de enero estuvo en las ventanillas de recaudaci\u00f3n, aprovechando el descuento del 10% de la primera quincena de enero.<\/p>\n","protected":false},"excerpt":{"rendered":"<p>El art\u00edculo 511 del C\u00f3digo Org\u00e1nico de Organizaci\u00f3n Territorial, Autonom\u00eda y Descentralizaci\u00f3n (COOTAD), establece la responsabilidad que tienen lo municipios para el cobro anual del impuesto predial. En tal virtud, el Gobierno Municipal de Yantzaza, habilit\u00f3 durante la presente semana, varios canales de recaudaci\u00f3n para que la comunidad yantzacense, pueda acceder a la cancelaci\u00f3n oportuna [&hellip;]<\/p>\n","protected":false},"author":1,"featured_media":8900,"comment_status":"open","ping_status":"open","sticky":false,"template":"","format":"standard","meta":{"footnotes":""},"categories":[9],"tags":[],"_links":{"self":[{"href":"https:\/\/infozamoraec.com\/index.php\/wp-json\/wp\/v2\/posts\/8899"}],"collection":[{"href":"https:\/\/infozamoraec.com\/index.php\/wp-json\/wp\/v2\/posts"}],"about":[{"href":"https:\/\/infozamoraec.com\/index.php\/wp-json\/wp\/v2\/types\/post"}],"author":[{"embeddable":true,"href":"https:\/\/infozamoraec.com\/index.php\/wp-json\/wp\/v2\/users\/1"}],"replies":[{"embeddable":true,"href":"https:\/\/infozamoraec.com\/index.php\/wp-json\/wp\/v2\/comments?post=8899"}],"version-history":[{"count":2,"href":"https:\/\/infozamoraec.com\/index.php\/wp-json\/wp\/v2\/posts\/8899\/revisions"}],"predecessor-version":[{"id":8902,"href":"https:\/\/infozamoraec.com\/index.php\/wp-json\/wp\/v2\/posts\/8899\/revisions\/8902"}],"wp:featuredmedia":[{"embeddable":true,"href":"https:\/\/infozamoraec.com\/index.php\/wp-json\/wp\/v2\/media\/8900"}],"wp:attachment":[{"href":"https:\/\/infozamoraec.com\/index.php\/wp-json\/wp\/v2\/media?parent=8899"}],"wp:term":[{"taxonomy":"category","embeddable":true,"href":"https:\/\/infozamoraec.com\/index.php\/wp-json\/wp\/v2\/categories?post=8899"},{"taxonomy":"post_tag","embeddable":true,"href":"https:\/\/infozamoraec.com\/index.php\/wp-json\/wp\/v2\/tags?post=8899"}],"curies":[{"name":"wp","href":"https:\/\/api.w.org\/{rel}","templated":true}]}}