{"id":8888,"date":"2025-01-07T03:08:59","date_gmt":"2025-01-07T03:08:59","guid":{"rendered":"https:\/\/infozamoraec.com\/?p=8888"},"modified":"2025-01-07T03:08:59","modified_gmt":"2025-01-07T03:08:59","slug":"edmundo-gonzalez-dice-estar-en-contacto-con-trump","status":"publish","type":"post","link":"https:\/\/infozamoraec.com\/index.php\/2025\/01\/07\/edmundo-gonzalez-dice-estar-en-contacto-con-trump\/","title":{"rendered":"Edmundo Gonz\u00e1lez dice estar en contacto con Trump"},"content":{"rendered":"<p>El l\u00edder opositor venezolano\u00a0<strong><a title=\"\" href=\"https:\/\/www.larepublica.ec\/blog\/2025\/01\/06\/edmundo-gonzalez-se-reunio-con-joe-biden-en-la-casa-blanca\/\" target=\"_blank\" rel=\"noopener\">Edmundo Gonz\u00e1lez Urrutia<\/a><\/strong>\u00a0afirm\u00f3 este lunes, durante su visita en\u00a0<strong>Washington<\/strong>, que su equipo se re\u00fane \u00abregularmente\u00bb con representantes del presidente electo de\u00a0<strong>Estados Unidos<\/strong>,\u00a0<strong>Donald Trump<\/strong>, pero no aclar\u00f3 si se ver\u00e1 con el republicano.<img decoding=\"async\" src=\"https:\/\/servedby.revive-adserver.net\/lg.php?bannerid=0&amp;campaignid=0&amp;zoneid=2931&amp;loc=https%3A%2F%2Fwww.larepublica.ec%2Fblog%2F2025%2F01%2F06%2Fedmundo-gonzalez-dice-estar-en-contacto-con-trump%2F&amp;referer=https%3A%2F%2Fwww.larepublica.ec%2F&amp;cb=c6e55e1ca6\" alt=\"\" width=\"0\" height=\"0\" \/><\/p>\n<p>Gonz\u00e1lez Urrutia lo explic\u00f3 en unas breves declaraciones a la prensa al terminar una reuni\u00f3n con el secretario general de la\u00a0<strong>Organizaci\u00f3n de los Estados Americanos (OEA)<\/strong>,\u00a0<strong>Luis Almagro<\/strong>, en la sede del organismo.<\/p>\n<p>El pol\u00edtico venezolano se reuni\u00f3 este mismo lunes con el presidente saliente de Estados Unidos,\u00a0<strong>Joe Biden<\/strong>, en la Casa Blanca pero no confirm\u00f3 si se ver\u00e1 tambi\u00e9n con Trump, quien asumir\u00e1 el poder el pr\u00f3ximo 20 de enero.<\/p>\n<p><strong>\u00abEl equipo de aqu\u00ed, de Washington, se re\u00fane regularmente con ellos y vamos a seguir haci\u00e9ndolo hasta el d\u00eda que tomen posesi\u00f3n la nueva Administraci\u00f3n\u00bb<\/strong>, respondi\u00f3 al ser cuestionado sobre los eventuales contactos con Trump.<\/p>\n<p>Gonz\u00e1lez Urrutia agreg\u00f3 que su pol\u00edtica hacia Estados Unidos es de \u00abcar\u00e1cter bipartidista\u00bb, en busca de una buena relaci\u00f3n tanto con los dem\u00f3cratas como de los republicanos.<\/p>\n<p>Su visita a Washington forma parte de una gira para recabar apoyos internacionales ante la investidura presidencial prevista para el pr\u00f3ximo 10 de enero.<\/p>\n<p>La reuni\u00f3n con Biden, que no figuraba en la agenda oficial del mandatario, dur\u00f3 unos 30 minutos.<\/p>\n<p>Tras el encuentro, Gonz\u00e1lez Urrutia afirm\u00f3 que la conversaci\u00f3n result\u00f3 \u00abfruct\u00edfera\u00bb y que Biden lo \u00abacompa\u00f1a de coraz\u00f3n\u00bb en su intento de regresar a Venezuela para la investidura.<\/p>\n<p>El\u00a0<strong>Consejo Nacional Electoral (CNE)<\/strong>\u00a0proclam\u00f3 tras las elecciones del pasado 28 de julio la reelecci\u00f3n del presidente\u00a0<strong>Nicol\u00e1s Maduro<\/strong>, pero no ha aportado pruebas con resultados desagregados de su victoria.<\/p>\n<p>La mayor coalici\u00f3n opositora present\u00f3 unas actas de votaci\u00f3n que dan la victoria a Gonz\u00e1lez Urrutia, quien ha sido considerado el presidente electo por parte de Estados Unidos y otros pa\u00edses.<\/p>\n<p>Su visita a Washington llega despu\u00e9s de que el s\u00e1bado se encontrara en Argentina con el presidente\u00a0<strong>Javier Milei<\/strong>\u00a0y, posteriormente, en Uruguay, con el mandatario\u00a0<strong>Luis Lacalle Pou<\/strong>, adem\u00e1s de mantener una videoconferencia con el jefe de Estado paraguayo,\u00a0<strong>Santiago Pe\u00f1a<\/strong>.<\/p>\n<p>Gonz\u00e1lez Urrutia tiene previsto mantener algunas reuniones en el Congreso de Estados Unidos antes de viajar a\u00a0<strong>Panam\u00e1\u00a0<\/strong>y\u00a0<strong>Rep\u00fablica Dominicana<\/strong>. EFE\u00a0<strong>(I)<\/strong><\/p>\n","protected":false},"excerpt":{"rendered":"<p>El l\u00edder opositor venezolano\u00a0Edmundo Gonz\u00e1lez Urrutia\u00a0afirm\u00f3 este lunes, durante su visita en\u00a0Washington, que su equipo se re\u00fane \u00abregularmente\u00bb con representantes del presidente electo de\u00a0Estados Unidos,\u00a0Donald Trump, pero no aclar\u00f3 si se ver\u00e1 con el republicano. Gonz\u00e1lez Urrutia lo explic\u00f3 en unas breves declaraciones a la prensa al terminar una reuni\u00f3n con el secretario general de [&hellip;]<\/p>\n","protected":false},"author":1,"featured_media":8890,"comment_status":"open","ping_status":"open","sticky":false,"template":"","format":"standard","meta":{"footnotes":""},"categories":[8],"tags":[],"_links":{"self":[{"href":"https:\/\/infozamoraec.com\/index.php\/wp-json\/wp\/v2\/posts\/8888"}],"collection":[{"href":"https:\/\/infozamoraec.com\/index.php\/wp-json\/wp\/v2\/posts"}],"about":[{"href":"https:\/\/infozamoraec.com\/index.php\/wp-json\/wp\/v2\/types\/post"}],"author":[{"embeddable":true,"href":"https:\/\/infozamoraec.com\/index.php\/wp-json\/wp\/v2\/users\/1"}],"replies":[{"embeddable":true,"href":"https:\/\/infozamoraec.com\/index.php\/wp-json\/wp\/v2\/comments?post=8888"}],"version-history":[{"count":1,"href":"https:\/\/infozamoraec.com\/index.php\/wp-json\/wp\/v2\/posts\/8888\/revisions"}],"predecessor-version":[{"id":8891,"href":"https:\/\/infozamoraec.com\/index.php\/wp-json\/wp\/v2\/posts\/8888\/revisions\/8891"}],"wp:featuredmedia":[{"embeddable":true,"href":"https:\/\/infozamoraec.com\/index.php\/wp-json\/wp\/v2\/media\/8890"}],"wp:attachment":[{"href":"https:\/\/infozamoraec.com\/index.php\/wp-json\/wp\/v2\/media?parent=8888"}],"wp:term":[{"taxonomy":"category","embeddable":true,"href":"https:\/\/infozamoraec.com\/index.php\/wp-json\/wp\/v2\/categories?post=8888"},{"taxonomy":"post_tag","embeddable":true,"href":"https:\/\/infozamoraec.com\/index.php\/wp-json\/wp\/v2\/tags?post=8888"}],"curies":[{"name":"wp","href":"https:\/\/api.w.org\/{rel}","templated":true}]}}