{"id":8876,"date":"2025-01-07T02:14:54","date_gmt":"2025-01-07T02:14:54","guid":{"rendered":"https:\/\/infozamoraec.com\/?p=8876"},"modified":"2025-01-07T02:14:54","modified_gmt":"2025-01-07T02:14:54","slug":"debate-vicepresidencial-en-ecuador-14-candidatos-han-confirmado-su-participacion","status":"publish","type":"post","link":"https:\/\/infozamoraec.com\/index.php\/2025\/01\/07\/debate-vicepresidencial-en-ecuador-14-candidatos-han-confirmado-su-participacion\/","title":{"rendered":"Debate vicepresidencial en Ecuador: 14 candidatos han confirmado su participaci\u00f3n"},"content":{"rendered":"<p>Este 6 de enero fue el sorteo, aspirantes rechazaron la ausencia de la opci\u00f3n de ADN, Mar\u00eda Jos\u00e9 Pinto.<\/p>\n<p>Este 6 de enero de 2025, se llev\u00f3 a cabo en la ciudad de\u00a0<strong>Guayaquil\u00a0<\/strong>el sorteo del orden de participaci\u00f3n y de los temas que se tratar\u00e1n en el\u00a0<strong>debate vicepresidencial<\/strong>\u00a0de febrero pr\u00f3ximo.<\/p>\n<p>En la cita, la representante del\u00a0<strong>Partido Socialista, lista 17<\/strong>,\u00a0<strong>Ver\u00f3nica Silva\u00a0<\/strong>cuestion\u00f3 la ausencia del binomio del presidente y candidato<strong>\u00a0Daniel Noboa<\/strong>, quienes compiten por\u00a0<strong>Acci\u00f3n Democr\u00e1tica Nacional\u00a0<\/strong>(<strong>ADN<\/strong>),\u00a0<strong>lista 7.<\/strong><\/p>\n<blockquote>\n<h2><strong>El reclamo de Silva<\/strong><\/h2>\n<\/blockquote>\n<p>\u00ab\u00bfQu\u00e9 est\u00e1 pasando con su candidata? Este es un evento muy importante que abre la democracia para los ecuatorianos. La se\u00f1ora (Mar\u00eda Jos\u00e9)Pinto, que en un momento hab\u00eda dado el OK, confirmado que viene al evento, nos asombra que no venga. \u00bfSe\u00f1or Noboa, acaso quiere encubrir a su candidata? Dando cuenta que s\u00ed habr\u00e1n muchas preguntas y tendr\u00e1n que responderle much\u00edsimas m\u00e1s.\u00bb<\/p>\n<p>Silva denunci\u00f3 tambi\u00e9n que se ha negado la participaci\u00f3n de los\u00a0<strong>Medios P\u00fablicos del Ecuador\u00a0<\/strong>y<strong>\u00a0<\/strong>pidi\u00f3 a las autoridades que explique por qu\u00e9 se han dado este tipo de medida.<\/p>\n<blockquote>\n<h2><strong>La organizaci\u00f3n del debate\u00a0<\/strong><\/h2>\n<\/blockquote>\n<p>Durante el sorteo, supervisado por funcionarios del\u00a0<strong>Consejo Nacional Electoral<\/strong>\u00a0(CNE) y la notaria Diana Tapia, se definieron de manera equitativa la franja horaria, los espacios en el set y el orden de intervenci\u00f3n en los bloques tem\u00e1ticos de seguridad y desarrollo productivo.<\/p>\n<p>El debate se transmitir\u00e1 en vivo a trav\u00e9s de diversos<strong>\u00a0medios de comunicaci\u00f3n<\/strong>, principalmente por el medio RTU, para as\u00ed asegurar una amplia cobertura y acceso para todos los ciudadanos, con el objetivo de promover un ejercicio democr\u00e1tico informado y transparente.<\/p>\n","protected":false},"excerpt":{"rendered":"<p>Este 6 de enero fue el sorteo, aspirantes rechazaron la ausencia de la opci\u00f3n de ADN, Mar\u00eda Jos\u00e9 Pinto. Este 6 de enero de 2025, se llev\u00f3 a cabo en la ciudad de\u00a0Guayaquil\u00a0el sorteo del orden de participaci\u00f3n y de los temas que se tratar\u00e1n en el\u00a0debate vicepresidencial\u00a0de febrero pr\u00f3ximo. En la cita, la representante [&hellip;]<\/p>\n","protected":false},"author":1,"featured_media":8877,"comment_status":"open","ping_status":"open","sticky":false,"template":"","format":"standard","meta":{"footnotes":""},"categories":[12],"tags":[],"_links":{"self":[{"href":"https:\/\/infozamoraec.com\/index.php\/wp-json\/wp\/v2\/posts\/8876"}],"collection":[{"href":"https:\/\/infozamoraec.com\/index.php\/wp-json\/wp\/v2\/posts"}],"about":[{"href":"https:\/\/infozamoraec.com\/index.php\/wp-json\/wp\/v2\/types\/post"}],"author":[{"embeddable":true,"href":"https:\/\/infozamoraec.com\/index.php\/wp-json\/wp\/v2\/users\/1"}],"replies":[{"embeddable":true,"href":"https:\/\/infozamoraec.com\/index.php\/wp-json\/wp\/v2\/comments?post=8876"}],"version-history":[{"count":1,"href":"https:\/\/infozamoraec.com\/index.php\/wp-json\/wp\/v2\/posts\/8876\/revisions"}],"predecessor-version":[{"id":8878,"href":"https:\/\/infozamoraec.com\/index.php\/wp-json\/wp\/v2\/posts\/8876\/revisions\/8878"}],"wp:featuredmedia":[{"embeddable":true,"href":"https:\/\/infozamoraec.com\/index.php\/wp-json\/wp\/v2\/media\/8877"}],"wp:attachment":[{"href":"https:\/\/infozamoraec.com\/index.php\/wp-json\/wp\/v2\/media?parent=8876"}],"wp:term":[{"taxonomy":"category","embeddable":true,"href":"https:\/\/infozamoraec.com\/index.php\/wp-json\/wp\/v2\/categories?post=8876"},{"taxonomy":"post_tag","embeddable":true,"href":"https:\/\/infozamoraec.com\/index.php\/wp-json\/wp\/v2\/tags?post=8876"}],"curies":[{"name":"wp","href":"https:\/\/api.w.org\/{rel}","templated":true}]}}