{"id":8867,"date":"2025-01-07T02:09:04","date_gmt":"2025-01-07T02:09:04","guid":{"rendered":"https:\/\/infozamoraec.com\/?p=8867"},"modified":"2025-01-07T02:09:04","modified_gmt":"2025-01-07T02:09:04","slug":"gonzalez-rehabilitaremos-ferrocarril-de-alfaro-con-usd-6000000","status":"publish","type":"post","link":"https:\/\/infozamoraec.com\/index.php\/2025\/01\/07\/gonzalez-rehabilitaremos-ferrocarril-de-alfaro-con-usd-6000000\/","title":{"rendered":"Gonz\u00e1lez: \u00abRehabilitaremos ferrocarril de Alfaro, con USD 6,000,000\u00bb"},"content":{"rendered":"<p>La candidata del corre\u00edsmo,\u00a0<strong><a title=\"\" href=\"https:\/\/www.larepublica.ec\/blog\/2025\/01\/05\/luis-gonzalez-asevera-que-va-a-revivir-al-ecuador\/\" target=\"_blank\" rel=\"noopener\">Luisa Gonz\u00e1lez<\/a><\/strong>, dijo este lunes, 6 de enero en Radio Sat\u00e9lite 107.1 FM, en Otavalo, que rehabilitar\u00e1 el ferrocarril de Alfaro, con un costo de USD 6,000,000 y ampliar\u00e1 la v\u00eda Ibarra-San Lorenzo de USD 4,700,000, cobr\u00e1ndoles a los grandes deudores.<img decoding=\"async\" src=\"https:\/\/servedby.revive-adserver.net\/lg.php?bannerid=0&amp;campaignid=0&amp;zoneid=2931&amp;loc=https%3A%2F%2Fwww.larepublica.ec%2Fblog%2F2025%2F01%2F06%2Fgonzalez-rehabilitaremos-ferrocarril-de-alfaro-con-usd-6000000%2F&amp;referer=https%3A%2F%2Fwww.larepublica.ec%2Fblog%2F2025%2F01%2F06%2Fgonzalez-rehabilitaremos-ferrocarril-de-alfaro-con-usd-6000000%2F&amp;cb=b8afe22dc9\" alt=\"\" width=\"0\" height=\"0\" \/><\/p>\n<p>Seg\u00fan\u00a0<strong><a title=\"\" href=\"https:\/\/x.com\/LuisaGonzalezEc\" target=\"_blank\">Gonz\u00e1lez<\/a><\/strong>,\u00a0<strong>\u00abcontrataremos empresas y mano de obra local para dar empleo-comercio y dinamizar la econom\u00eda para que las familias no migren y se queden en el pa\u00eds\u00bb.<\/strong><\/p>\n<p><strong>\u00abEn los \u00faltimos a\u00f1os, han migrado m\u00e1s de 400,000 hermanos ecuatorianos\u00bb<\/strong>, acentu\u00f3.<\/p>\n<p><strong>\u00abRehabilitaremos el ferrocarril de Alfaro (Otavalo-Ibarra-Salinas) para reactivar la econom\u00eda local y el turismo\u00bb,<\/strong>\u00a0se\u00f1al\u00f3.<\/p>\n<p><strong>\u00abCon un costo de USD 6,000,000\u00bb<\/strong>, indic\u00f3.<\/p>\n<p><strong>\u00abLos planes de \u2018Viaja Primero Ecuador\u2019, con el Ministerio de Turismo\u00bb,\u00a0<\/strong>expres\u00f3.<\/p>\n<p><strong>\u00abLa ampliaci\u00f3n de la v\u00eda Ibarra-San Lorenzo, cuesta USD 4,700,000\u00bb<\/strong>, coment\u00f3.<\/p>\n<p><strong>\u00abEl paso lateral de Ibarra tiene un costo de USD<\/strong>\u00a0<strong>178,000,000\u2033,<\/strong>\u00a0manifest\u00f3.<\/p>\n<h2 class=\"wp-block-heading\">Seguridad<\/h2>\n<p><strong>\u00ab6, 900 personas muertas, el segundo a\u00f1o m\u00e1s violento\u00bb,<\/strong>\u00a0exclam\u00f3.<\/p>\n<p><strong>\u00abLa subida del IVA al 15% no ha sido utilizada para mejorar la seguridad, a pesar de la creciente violencia en el pa\u00eds\u00bb,<\/strong>\u00a0aclar\u00f3.<\/p>\n<p>\u00abLas acusaciones sobre Correa de su supuesta relaci\u00f3n con la delincuencia no tienen fundamento de una campa\u00f1a sucia\u00bb, habl\u00f3.<\/p>\n<p><strong>\u00abFuimos el pa\u00eds m\u00e1s seguro de am\u00e9rica latina y recibimos premios de la DEA\u00bb,<\/strong>\u00a0detall\u00f3.<\/p>\n<p><strong>\u00abLos cabecillas de las bandas fueron apresados el Gobierno de Correa, pero liberados en el de Moreno, Lasso, Noboa\u00bb,<\/strong>\u00a0especific\u00f3.<\/p>\n<p>\u00ab<strong>M\u00e1s USD 1,800,000 ten\u00eda Noboa en las arcas del Estado listo para inversi\u00f3n en seguridad, pero us\u00f3 el 54%\u00bb,<\/strong>\u00a0cont\u00f3.<\/p>\n<p><strong>\u00abPlan P.R.OT.E.G.E. (Seguridad), con acciones a corto, mediano y largo plazo\u00bb,\u00a0<\/strong>divulg\u00f3.<\/p>\n<p><strong>\u00abCon presupuesto, capacitaci\u00f3n y formaci\u00f3n de 20,000 Polic\u00edas en 4 a\u00f1os\u00bb,\u00a0<\/strong>mencion\u00f3.<\/p>\n<p><strong>\u00abLas rehabilitaci\u00f3n de las UPC, el equipamiento y contrataci\u00f3n de la fuerza p\u00fablica, formaci\u00f3n de los gu\u00edas penitenciarios\u00bb,<\/strong>\u00a0narr\u00f3.<\/p>\n<p><strong>\u00abVolver a las estructuras del orden del Estado mediante el Ministerio<\/strong>\u00a0<strong>Coordinador de Seguridad y el de Justicia\u00bb<\/strong>, relat\u00f3.<\/p>\n<p><strong>\u00abCon la ayuda del ECU-911, inteligencia<\/strong>,\u00a0<strong>las Fuerzas Armadas, Polic\u00eda y coordinar con Fiscal\u00eda, Corte Nacional de Justicia y Consejo de la Judicatura\u00bb,<\/strong>\u00a0opin\u00f3.<\/p>\n<p><strong>\u00abCuando vayamos a tomar acciones, la Asamblea Nacional debe estar presente\u00bb,\u00a0<\/strong>complement\u00f3.<\/p>\n<h2 class=\"wp-block-heading\">Desempleo<\/h2>\n<p>\u00ab<strong>1,200,000 j\u00f3venes quieren irse del pa\u00eds\u00bb<\/strong>, afirm\u00f3.<\/p>\n<h2 class=\"wp-block-heading\">Pol\u00edtica<\/h2>\n<p>\u00abLa historia de inestabilidad pol\u00edtica en Ecuador es alarmante, con siete presidentes en solo diez a\u00f1os, lo que demuestra la urgencia de un cambio estructural\u00bb, sostuvo.<\/p>\n<p>\u00abEs fundamental respetar las leyes y la constituci\u00f3n para garantizar la convivencia pac\u00edfica, y proteger los derechos de todos los ecuatorianos, independientemente de su ideolog\u00eda pol\u00edtica\u00bb, anunci\u00f3.<\/p>\n<h2 class=\"wp-block-heading\">Econom\u00eda<\/h2>\n<p><strong>\u00abReactivaci\u00f3n productiva, obras de riego como el Pesillo Imbabura que beneficia a 250,00 habitantes\u00bb,<\/strong>\u00a0enumer\u00f3.<\/p>\n<p><strong>\u00abSon 162 comunidades de Cayambe, Otavalo<\/strong>,\u00a0<strong>Pedro Mocayo, Antonio Ante, de Ibarra, son 5 comunidades\u00bb,<\/strong>\u00a0inst\u00f3.<\/p>\n<p><strong>\u00abA los estudiantes de Yachay<\/strong>,\u00a0<strong>se les devolver\u00e1 el presupuesto para que vayan al exterior\u00bb,<\/strong>\u00a0insisti\u00f3.<\/p>\n<p><strong>\u00abHaremos un Hospital en Otavalo, con USD 30,000,000\u00bb<\/strong>, reiter\u00f3.<\/p>\n<p><strong>\u00abPavimentaremos las v\u00edas Otavalo- Selva Alegre-Quinind\u00e9, con USD 59,000,000\u00bb,<\/strong>\u00a0subray\u00f3.<\/p>\n<p><strong>\u00abAmpliaremos las v\u00edas Cajas, Ibarra-San Lorenzo-Salinas\u00bb,<\/strong>\u00a0destac\u00f3.<\/p>\n<h2 class=\"wp-block-heading\">Propuestas incumplidas<\/h2>\n<p>\u00abComo mujer, aspiro que la campa\u00f1a tenga honestidad\u00bb, enfatiz\u00f3.<\/p>\n<p>\u00abCon ideas planificadas, no inventadas\u00bb, recalc\u00f3.<\/p>\n<h2 class=\"wp-block-heading\">\u00bfDe d\u00f3nde obtendr\u00e1 el dinero?<\/h2>\n<p><strong>\u00abCobrando a los deudores al SRI, deben m\u00e1s de USD 2,000,000\u00bb,<\/strong>\u00a0refut\u00f3.<\/p>\n<p><strong>\u00abExigiremos que paguen, con los mecanismos del SRI, quit\u00e1ndoles bienes o planes de pagos\u00bb,<\/strong>\u00a0expuso.<\/p>\n<h2 class=\"wp-block-heading\">Adolescentes calcinados en Taura<\/h2>\n<p><strong>\u00abEl \u00fanico plan f\u00e9nix que vimos, fue el que se tat\u00fao Noboa, cuando asesinaron a los menores\u00bb,<\/strong>\u00a0imparti\u00f3.<\/p>\n<p><strong>\u00abEse es el logo de la mafia albanesa\u00bb,\u00a0<\/strong>describi\u00f3.<\/p>\n<p><strong>\u00abLa desaparici\u00f3n de Steven y la falta de justicia resaltan la responsabilidad del Estado ecuatoriano en la protecci\u00f3n de los ni\u00f1os\u00bb,\u00a0<\/strong>avis\u00f3.<\/p>\n<p><strong>\u00abEs fundamental que se tomen acciones concretas para evitar que estas tragedias se repitan\u00bb,<\/strong>\u00a0advirti\u00f3.<\/p>\n<p><strong>\u00abEs inaceptable que padres pasen festividades sin saber el paradero de sus hijos, lo que refleja una profunda crisis en la seguridad p\u00fablica\u00bb,<\/strong>\u00a0reafirm\u00f3.<\/p>\n<h2 class=\"wp-block-heading\">Agenda de Gonz\u00e1lez<\/h2>\n<p>Se tiene previsto que Gonz\u00e1lez participe en otro acto proselitista en la Plaza de los Ponchos, Otavalo, a las 17:00, de hoy.<\/p>\n<h2 class=\"wp-block-heading\">Borja sin agenda<\/h2>\n<p>Por otra parte, su binomio Diego Borja no cumpli\u00f3 agenda hoy.<\/p>\n<p>Cabe destacar que, \u00e9l ayer incursion\u00f3 en la plataforma de streaming en Twich para captar votos de los j\u00f3venes.<\/p>\n<p><em><strong>Nota por:<\/strong>\u00a0David Josue Quispe Franco.<\/em><\/p>\n","protected":false},"excerpt":{"rendered":"<p>La candidata del corre\u00edsmo,\u00a0Luisa Gonz\u00e1lez, dijo este lunes, 6 de enero en Radio Sat\u00e9lite 107.1 FM, en Otavalo, que rehabilitar\u00e1 el ferrocarril de Alfaro, con un costo de USD 6,000,000 y ampliar\u00e1 la v\u00eda Ibarra-San Lorenzo de USD 4,700,000, cobr\u00e1ndoles a los grandes deudores. Seg\u00fan\u00a0Gonz\u00e1lez,\u00a0\u00abcontrataremos empresas y mano de obra local para dar empleo-comercio y [&hellip;]<\/p>\n","protected":false},"author":1,"featured_media":8868,"comment_status":"open","ping_status":"open","sticky":false,"template":"","format":"standard","meta":{"footnotes":""},"categories":[12],"tags":[],"_links":{"self":[{"href":"https:\/\/infozamoraec.com\/index.php\/wp-json\/wp\/v2\/posts\/8867"}],"collection":[{"href":"https:\/\/infozamoraec.com\/index.php\/wp-json\/wp\/v2\/posts"}],"about":[{"href":"https:\/\/infozamoraec.com\/index.php\/wp-json\/wp\/v2\/types\/post"}],"author":[{"embeddable":true,"href":"https:\/\/infozamoraec.com\/index.php\/wp-json\/wp\/v2\/users\/1"}],"replies":[{"embeddable":true,"href":"https:\/\/infozamoraec.com\/index.php\/wp-json\/wp\/v2\/comments?post=8867"}],"version-history":[{"count":1,"href":"https:\/\/infozamoraec.com\/index.php\/wp-json\/wp\/v2\/posts\/8867\/revisions"}],"predecessor-version":[{"id":8869,"href":"https:\/\/infozamoraec.com\/index.php\/wp-json\/wp\/v2\/posts\/8867\/revisions\/8869"}],"wp:featuredmedia":[{"embeddable":true,"href":"https:\/\/infozamoraec.com\/index.php\/wp-json\/wp\/v2\/media\/8868"}],"wp:attachment":[{"href":"https:\/\/infozamoraec.com\/index.php\/wp-json\/wp\/v2\/media?parent=8867"}],"wp:term":[{"taxonomy":"category","embeddable":true,"href":"https:\/\/infozamoraec.com\/index.php\/wp-json\/wp\/v2\/categories?post=8867"},{"taxonomy":"post_tag","embeddable":true,"href":"https:\/\/infozamoraec.com\/index.php\/wp-json\/wp\/v2\/tags?post=8867"}],"curies":[{"name":"wp","href":"https:\/\/api.w.org\/{rel}","templated":true}]}}