{"id":8853,"date":"2025-01-07T01:48:47","date_gmt":"2025-01-07T01:48:47","guid":{"rendered":"https:\/\/infozamoraec.com\/?p=8853"},"modified":"2025-01-07T03:20:43","modified_gmt":"2025-01-07T03:20:43","slug":"sri-amplia-plazos-para-declaraciones-del-iva-de-octubre-y-noviembre-de-2024-hasta-enero-de-2025","status":"publish","type":"post","link":"https:\/\/infozamoraec.com\/index.php\/2025\/01\/07\/sri-amplia-plazos-para-declaraciones-del-iva-de-octubre-y-noviembre-de-2024-hasta-enero-de-2025\/","title":{"rendered":"SRI ampl\u00eda plazos para declaraciones del IVA de octubre y noviembre de 2024 hasta Enero de 2025"},"content":{"rendered":"<p>La Delegaci\u00f3n Provincial del Servicio de Rentas Internas (SRI) informa que la Direcci\u00f3n Nacional de la instituci\u00f3n,\u00a0 emiti\u00f3 la Resoluci\u00f3n No. NAC-DGERCGC24-00000046, que ampl\u00eda los plazos de presentaci\u00f3n de las declaraciones del Impuesto al Valor Agregado (IVA) correspondientes a octubre y noviembre de 2024. Los nuevos plazos se extienden hasta enero de 2025, sin que esto genere multas, recargos ni intereses.<\/p>\n<blockquote>\n<h2><strong>Grupos Especiales<\/strong><\/h2>\n<\/blockquote>\n<p>La resoluci\u00f3n tambi\u00e9n incluye disposiciones para ciertos grupos. Las instituciones del Estado, empresas p\u00fablicas reguladas, contribuyentes especiales, contribuyentes con domicilio en la Provincia de Gal\u00e1pagos y agentes de percepci\u00f3n del IVA no residentes que presten servicios digitales podr\u00e1n presentar sus declaraciones en el mismo plazo.<\/p>\n<p>Adem\u00e1s, si la fecha de vencimiento coincide con d\u00edas de descanso obligatorio o feriados nacionales o locales, se trasladar\u00e1 al siguiente d\u00eda h\u00e1bil. Sin embargo, si este traslado lleva la fecha de vencimiento al siguiente mes, la fecha deber\u00e1 adelantarse al \u00faltimo d\u00eda h\u00e1bil del mes correspondiente, se\u00a0 explica<\/p>\n<p>&nbsp;<\/p>\n","protected":false},"excerpt":{"rendered":"<p>La Delegaci\u00f3n Provincial del Servicio de Rentas Internas (SRI) informa que la Direcci\u00f3n Nacional de la instituci\u00f3n,\u00a0 emiti\u00f3 la Resoluci\u00f3n No. NAC-DGERCGC24-00000046, que ampl\u00eda los plazos de presentaci\u00f3n de las declaraciones del Impuesto al Valor Agregado (IVA) correspondientes a octubre y noviembre de 2024. Los nuevos plazos se extienden hasta enero de 2025, sin que [&hellip;]<\/p>\n","protected":false},"author":1,"featured_media":8854,"comment_status":"open","ping_status":"open","sticky":false,"template":"","format":"standard","meta":{"footnotes":""},"categories":[9],"tags":[],"_links":{"self":[{"href":"https:\/\/infozamoraec.com\/index.php\/wp-json\/wp\/v2\/posts\/8853"}],"collection":[{"href":"https:\/\/infozamoraec.com\/index.php\/wp-json\/wp\/v2\/posts"}],"about":[{"href":"https:\/\/infozamoraec.com\/index.php\/wp-json\/wp\/v2\/types\/post"}],"author":[{"embeddable":true,"href":"https:\/\/infozamoraec.com\/index.php\/wp-json\/wp\/v2\/users\/1"}],"replies":[{"embeddable":true,"href":"https:\/\/infozamoraec.com\/index.php\/wp-json\/wp\/v2\/comments?post=8853"}],"version-history":[{"count":3,"href":"https:\/\/infozamoraec.com\/index.php\/wp-json\/wp\/v2\/posts\/8853\/revisions"}],"predecessor-version":[{"id":8898,"href":"https:\/\/infozamoraec.com\/index.php\/wp-json\/wp\/v2\/posts\/8853\/revisions\/8898"}],"wp:featuredmedia":[{"embeddable":true,"href":"https:\/\/infozamoraec.com\/index.php\/wp-json\/wp\/v2\/media\/8854"}],"wp:attachment":[{"href":"https:\/\/infozamoraec.com\/index.php\/wp-json\/wp\/v2\/media?parent=8853"}],"wp:term":[{"taxonomy":"category","embeddable":true,"href":"https:\/\/infozamoraec.com\/index.php\/wp-json\/wp\/v2\/categories?post=8853"},{"taxonomy":"post_tag","embeddable":true,"href":"https:\/\/infozamoraec.com\/index.php\/wp-json\/wp\/v2\/tags?post=8853"}],"curies":[{"name":"wp","href":"https:\/\/api.w.org\/{rel}","templated":true}]}}