{"id":8850,"date":"2025-01-06T03:20:45","date_gmt":"2025-01-06T03:20:45","guid":{"rendered":"https:\/\/infozamoraec.com\/?p=8850"},"modified":"2025-01-06T03:20:45","modified_gmt":"2025-01-06T03:20:45","slug":"la-libertad-no-se-suplica-machado-insta-a-marchar-antes-de-la-investidura-presidencial","status":"publish","type":"post","link":"https:\/\/infozamoraec.com\/index.php\/2025\/01\/06\/la-libertad-no-se-suplica-machado-insta-a-marchar-antes-de-la-investidura-presidencial\/","title":{"rendered":"\u00abLa libertad no se suplica\u00bb: Machado insta a marchar antes de la investidura presidencial"},"content":{"rendered":"<p>La l\u00edder opositora Mar\u00eda Corina Machado llam\u00f3 este domingo a \u00abtodos\u00bb a salir a las calles de Venezuela y del mundo el 9 de enero, un d\u00eda antes de la toma de posesi\u00f3n presidencial, que tanto el mandatario Nicol\u00e1s Maduro como el l\u00edder antichavista Edmundo Gonz\u00e1lez Urrutia prometen asumir.<img decoding=\"async\" src=\"https:\/\/servedby.revive-adserver.net\/lg.php?bannerid=0&amp;campaignid=0&amp;zoneid=2931&amp;loc=https%3A%2F%2Fwww.larepublica.ec%2Fblog%2F2025%2F01%2F05%2Fla-libertad-no-se-suplica-machado-insta-a-marchar-antes-de-la-investidura-presidencial%2F&amp;referer=https%3A%2F%2Fwww.larepublica.ec%2F&amp;cb=4a5f71ec9b\" alt=\"\" width=\"0\" height=\"0\" \/><\/p>\n<p><strong>\u00abEste d\u00eda ser\u00e1 registrado en la historia como el d\u00eda en que Venezuela dijo basta. Basta de aguantar, basta de callar. Es nuestra tierra, nuestra bandera. La libertad no se suplica, se lucha y se conquista\u00bb, manifest\u00f3 Machado en un audio publicado en X.<\/strong><\/p>\n<p>Pidi\u00f3 salir \u00abllenos de confianza\u00bb porque -subray\u00f3- \u00abMaduro no se va ir solo, hay que hacerlo salir con la fuerza de un pueblo que no se rinde jam\u00e1s\u00bb.<\/p>\n<p>\u00abSal, grita, lucha, es el momento de pararnos firmes, de hacerles entender que hasta aqu\u00ed llegaron, que esto se acab\u00f3. No hay excusas, no hay ma\u00f1ana si no luchamos hoy. La libertad se alcanza cuando vencemos el miedo. Yo voy contigo\u00bb, dijo la exdiputada, quien asegura estar en la clandestinidad al temer por su seguridad.<\/p>\n<p><strong>Machado y la mayor coalici\u00f3n opositora sostienen que Gonz\u00e1lez Urrutia es el ganador de las presidenciales del 28 de julio, por lo que reclaman que este triunfo sea reconocido, pese a que el Consejo Nacional Electoral proclam\u00f3 la reelecci\u00f3n de Maduro.<\/strong><\/p>\n<p>Entretanto, el l\u00edder opositor -exiliado desde septiembre en Espa\u00f1a- reitera que viajar\u00e1 a Venezuela para asumir la Presidencia y, como paso previo, se encuentra en una gira internacional, que ya lo ha llevado a Argentina y Uruguay, en busca de apoyos.<\/p>\n<p>Ma\u00f1ana, lunes, ser\u00e1 recibido en Estados Unidos, donde espera reunirse con el presidente Joe Biden.<\/p>\n<p>Mientras, la Fiscal\u00eda mantiene una orden de detenci\u00f3n contra Gonz\u00e1lez Urrutia y la Polic\u00eda ofreci\u00f3, recientemente, una recompensa de 100.000 d\u00f3lares a quien brinde informaci\u00f3n sobre el paradero del opositor o aporte alg\u00fan dato que facilite su arresto.<\/p>\n","protected":false},"excerpt":{"rendered":"<p>La l\u00edder opositora Mar\u00eda Corina Machado llam\u00f3 este domingo a \u00abtodos\u00bb a salir a las calles de Venezuela y del mundo el 9 de enero, un d\u00eda antes de la toma de posesi\u00f3n presidencial, que tanto el mandatario Nicol\u00e1s Maduro como el l\u00edder antichavista Edmundo Gonz\u00e1lez Urrutia prometen asumir. \u00abEste d\u00eda ser\u00e1 registrado en la [&hellip;]<\/p>\n","protected":false},"author":1,"featured_media":8851,"comment_status":"open","ping_status":"open","sticky":false,"template":"","format":"standard","meta":{"footnotes":""},"categories":[8],"tags":[],"_links":{"self":[{"href":"https:\/\/infozamoraec.com\/index.php\/wp-json\/wp\/v2\/posts\/8850"}],"collection":[{"href":"https:\/\/infozamoraec.com\/index.php\/wp-json\/wp\/v2\/posts"}],"about":[{"href":"https:\/\/infozamoraec.com\/index.php\/wp-json\/wp\/v2\/types\/post"}],"author":[{"embeddable":true,"href":"https:\/\/infozamoraec.com\/index.php\/wp-json\/wp\/v2\/users\/1"}],"replies":[{"embeddable":true,"href":"https:\/\/infozamoraec.com\/index.php\/wp-json\/wp\/v2\/comments?post=8850"}],"version-history":[{"count":1,"href":"https:\/\/infozamoraec.com\/index.php\/wp-json\/wp\/v2\/posts\/8850\/revisions"}],"predecessor-version":[{"id":8852,"href":"https:\/\/infozamoraec.com\/index.php\/wp-json\/wp\/v2\/posts\/8850\/revisions\/8852"}],"wp:featuredmedia":[{"embeddable":true,"href":"https:\/\/infozamoraec.com\/index.php\/wp-json\/wp\/v2\/media\/8851"}],"wp:attachment":[{"href":"https:\/\/infozamoraec.com\/index.php\/wp-json\/wp\/v2\/media?parent=8850"}],"wp:term":[{"taxonomy":"category","embeddable":true,"href":"https:\/\/infozamoraec.com\/index.php\/wp-json\/wp\/v2\/categories?post=8850"},{"taxonomy":"post_tag","embeddable":true,"href":"https:\/\/infozamoraec.com\/index.php\/wp-json\/wp\/v2\/tags?post=8850"}],"curies":[{"name":"wp","href":"https:\/\/api.w.org\/{rel}","templated":true}]}}