{"id":8847,"date":"2025-01-06T03:18:49","date_gmt":"2025-01-06T03:18:49","guid":{"rendered":"https:\/\/infozamoraec.com\/?p=8847"},"modified":"2025-01-06T03:18:49","modified_gmt":"2025-01-06T03:18:49","slug":"terremoto-de-63-grados-sacude-el-salvador","status":"publish","type":"post","link":"https:\/\/infozamoraec.com\/index.php\/2025\/01\/06\/terremoto-de-63-grados-sacude-el-salvador\/","title":{"rendered":"Terremoto de 6,3 grados sacude El Salvador"},"content":{"rendered":"<p>Un\u00a0<a class=\"internal-link\" href=\"https:\/\/www.dw.com\/es\/sismo\/t-40425215\" target=\"_blank\" rel=\"noopener\">sismo<\/a>\u00a0de magnitud 6,3 con epicentro en el Pac\u00edfico salvadore\u00f1o sacudi\u00f3 este domingo (05.01.2025) a\u00a0<a class=\"internal-link\" href=\"https:\/\/www.dw.com\/es\/el-salvador\/t-17411929\" target=\"_blank\" rel=\"noopener\">El Salvador,<\/a>\u00a0Guatemala, Honduras y Nicaragua, sin que las autoridades hayan reportado en un primer momento v\u00edctimas o da\u00f1os materiales.<\/p>\n<p>Los pa\u00edses de Centroam\u00e9rica est\u00e1n enclavados en el denominado Cintur\u00f3n de Fuego del Pac\u00edfico, una zona que adem\u00e1s de la actividad s\u00edsmica por colisi\u00f3n de placas, afronta temblores producto de su cadena volc\u00e1nica.<\/p>\n<p>El temblor se registr\u00f3 a las 11:18 hora local (17:18 GMT) frente a la costa del central departamento de La Paz, a 29 kil\u00f3metros al suroeste de la Costa del Sol, de acuerdo con la informaci\u00f3n del Ministerio de Medio Ambiente y Recursos Naturales (MARN).<\/p>\n<p>Los datos oficiales se\u00f1alan que el sismo tuvo una profundidad focal de 33 kil\u00f3metros, sin que se activara un alerta de amenaza de\u00a0<a class=\"internal-link\" href=\"https:\/\/www.dw.com\/es\/tsunami\/t-36192270\" target=\"_blank\" rel=\"noopener\">tsunami<\/a>\u00a0para El Salvador.<\/p>\n<p>Se han registrado al menos 27 r\u00e9plicas en la misma zona del sismo, de las cuales 11 han sido sentidas por la poblaci\u00f3n, con magnitudes de entre 3,8 y 4,8, de acuerdo con las autoridades salvadore\u00f1as, que no reportaron en un primer momento ni v\u00edctimas ni da\u00f1os materiales.<\/p>\n<p>Otros paises<\/p>\n<p>En Honduras, la Secretar\u00eda de Gesti\u00f3n de Riesgos y Contingencias Nacionales no reportaron v\u00edctimas o da\u00f1os materiales por el sismo, que seg\u00fan usuarios de redes sociales se sinti\u00f3 fuerte en el departamento de La Paz, regi\u00f3n central del pa\u00eds centroamericano.<\/p>\n<p>El Instituto Nicarag\u00fcense se Estudios Territoriales (Ineter) indic\u00f3 por su parte que el sismo como epicentro en el Pac\u00edfico salvadore\u00f1o fue un \u00abevento relacionado con los procesos tect\u00f3nicos del choque entre las placas tect\u00f3nicas Cocos y Caribe\u00bb, seg\u00fan inform\u00f3 la prensa local.<\/p>\n<p>FEW (EFE, AFP)<\/p>\n","protected":false},"excerpt":{"rendered":"<p>Un\u00a0sismo\u00a0de magnitud 6,3 con epicentro en el Pac\u00edfico salvadore\u00f1o sacudi\u00f3 este domingo (05.01.2025) a\u00a0El Salvador,\u00a0Guatemala, Honduras y Nicaragua, sin que las autoridades hayan reportado en un primer momento v\u00edctimas o da\u00f1os materiales. Los pa\u00edses de Centroam\u00e9rica est\u00e1n enclavados en el denominado Cintur\u00f3n de Fuego del Pac\u00edfico, una zona que adem\u00e1s de la actividad s\u00edsmica por [&hellip;]<\/p>\n","protected":false},"author":1,"featured_media":8848,"comment_status":"open","ping_status":"open","sticky":false,"template":"","format":"standard","meta":{"footnotes":""},"categories":[8],"tags":[],"_links":{"self":[{"href":"https:\/\/infozamoraec.com\/index.php\/wp-json\/wp\/v2\/posts\/8847"}],"collection":[{"href":"https:\/\/infozamoraec.com\/index.php\/wp-json\/wp\/v2\/posts"}],"about":[{"href":"https:\/\/infozamoraec.com\/index.php\/wp-json\/wp\/v2\/types\/post"}],"author":[{"embeddable":true,"href":"https:\/\/infozamoraec.com\/index.php\/wp-json\/wp\/v2\/users\/1"}],"replies":[{"embeddable":true,"href":"https:\/\/infozamoraec.com\/index.php\/wp-json\/wp\/v2\/comments?post=8847"}],"version-history":[{"count":1,"href":"https:\/\/infozamoraec.com\/index.php\/wp-json\/wp\/v2\/posts\/8847\/revisions"}],"predecessor-version":[{"id":8849,"href":"https:\/\/infozamoraec.com\/index.php\/wp-json\/wp\/v2\/posts\/8847\/revisions\/8849"}],"wp:featuredmedia":[{"embeddable":true,"href":"https:\/\/infozamoraec.com\/index.php\/wp-json\/wp\/v2\/media\/8848"}],"wp:attachment":[{"href":"https:\/\/infozamoraec.com\/index.php\/wp-json\/wp\/v2\/media?parent=8847"}],"wp:term":[{"taxonomy":"category","embeddable":true,"href":"https:\/\/infozamoraec.com\/index.php\/wp-json\/wp\/v2\/categories?post=8847"},{"taxonomy":"post_tag","embeddable":true,"href":"https:\/\/infozamoraec.com\/index.php\/wp-json\/wp\/v2\/tags?post=8847"}],"curies":[{"name":"wp","href":"https:\/\/api.w.org\/{rel}","templated":true}]}}