{"id":8843,"date":"2025-01-06T03:16:19","date_gmt":"2025-01-06T03:16:19","guid":{"rendered":"https:\/\/infozamoraec.com\/?p=8843"},"modified":"2025-01-06T03:16:40","modified_gmt":"2025-01-06T03:16:40","slug":"glas-es-trasladado-de-celda-en-la-roca-por-precaucion","status":"publish","type":"post","link":"https:\/\/infozamoraec.com\/index.php\/2025\/01\/06\/glas-es-trasladado-de-celda-en-la-roca-por-precaucion\/","title":{"rendered":"Glas es trasladado de celda en La Roca por precauci\u00f3n"},"content":{"rendered":"<p>Seg\u00fan inteligencia policial, hoy domingo 5 de enero del 2025, Jorge Glas fue evacuado de su celda en la c\u00e1rcel La Roca, en Guayaquil. El hecho lo corrobor\u00f3 su abogada Sonia Vera qui\u00e9n inform\u00f3 que Jorge Glas fue evacuado y llevado a otro pabell\u00f3n.<\/p>\n<div class=\"mh-content-ad\">\n<p>La decisi\u00f3n se la tom\u00f3 como medida de precauci\u00f3n ante unos incidentes registrados en el reclusorio. Todo indica que alias Negro Tulio, cabecilla de Los Chone Killers habr\u00eda iniciado la quema de colchones y peri\u00f3dicos.<\/p>\n<\/div>\n<p>El incidente se habr\u00eda producido por unos problemas para salir al patio de la c\u00e1rcel. Como medida preventiva, las autoridades decidieron evacuar a Glas de su celda y trasladarlo a un sitio seguro bajo resguardo militar.<\/p>\n<p>El Servicio de Atenci\u00f3n a Privados de Libertad (SNAI) no se ha pronunciado al respecto. Glas fue llevado a La Roca tras ser arrestado en la Embajada de M\u00e9xico en Quito en abril de 2024.<\/p>\n","protected":false},"excerpt":{"rendered":"<p>Seg\u00fan inteligencia policial, hoy domingo 5 de enero del 2025, Jorge Glas fue evacuado de su celda en la c\u00e1rcel La Roca, en Guayaquil. El hecho lo corrobor\u00f3 su abogada Sonia Vera qui\u00e9n inform\u00f3 que Jorge Glas fue evacuado y llevado a otro pabell\u00f3n. La decisi\u00f3n se la tom\u00f3 como medida de precauci\u00f3n ante unos [&hellip;]<\/p>\n","protected":false},"author":1,"featured_media":8844,"comment_status":"open","ping_status":"open","sticky":false,"template":"","format":"standard","meta":{"footnotes":""},"categories":[12],"tags":[],"_links":{"self":[{"href":"https:\/\/infozamoraec.com\/index.php\/wp-json\/wp\/v2\/posts\/8843"}],"collection":[{"href":"https:\/\/infozamoraec.com\/index.php\/wp-json\/wp\/v2\/posts"}],"about":[{"href":"https:\/\/infozamoraec.com\/index.php\/wp-json\/wp\/v2\/types\/post"}],"author":[{"embeddable":true,"href":"https:\/\/infozamoraec.com\/index.php\/wp-json\/wp\/v2\/users\/1"}],"replies":[{"embeddable":true,"href":"https:\/\/infozamoraec.com\/index.php\/wp-json\/wp\/v2\/comments?post=8843"}],"version-history":[{"count":2,"href":"https:\/\/infozamoraec.com\/index.php\/wp-json\/wp\/v2\/posts\/8843\/revisions"}],"predecessor-version":[{"id":8846,"href":"https:\/\/infozamoraec.com\/index.php\/wp-json\/wp\/v2\/posts\/8843\/revisions\/8846"}],"wp:featuredmedia":[{"embeddable":true,"href":"https:\/\/infozamoraec.com\/index.php\/wp-json\/wp\/v2\/media\/8844"}],"wp:attachment":[{"href":"https:\/\/infozamoraec.com\/index.php\/wp-json\/wp\/v2\/media?parent=8843"}],"wp:term":[{"taxonomy":"category","embeddable":true,"href":"https:\/\/infozamoraec.com\/index.php\/wp-json\/wp\/v2\/categories?post=8843"},{"taxonomy":"post_tag","embeddable":true,"href":"https:\/\/infozamoraec.com\/index.php\/wp-json\/wp\/v2\/tags?post=8843"}],"curies":[{"name":"wp","href":"https:\/\/api.w.org\/{rel}","templated":true}]}}