{"id":8834,"date":"2025-01-06T03:10:19","date_gmt":"2025-01-06T03:10:19","guid":{"rendered":"https:\/\/infozamoraec.com\/?p=8834"},"modified":"2025-01-06T03:10:19","modified_gmt":"2025-01-06T03:10:19","slug":"luis-gonzalez-asevera-que-va-a-revivir-al-ecuador","status":"publish","type":"post","link":"https:\/\/infozamoraec.com\/index.php\/2025\/01\/06\/luis-gonzalez-asevera-que-va-a-revivir-al-ecuador\/","title":{"rendered":"Luis Gonz\u00e1lez asevera que va a \u00abrevivir\u00bb al Ecuador"},"content":{"rendered":"<p>Luisa Gonz\u00e1lez, candidata a la Presidencia por el movimiento Revoluci\u00f3n Ciudadana (RC), liderado por el exjefe de Estado, Rafael Correa (2007-2017), asever\u00f3 este domingo que van a \u00abrevivir\u00bb al pa\u00eds andino, afectado, en su opini\u00f3n, por malas administraciones en los \u00faltimos a\u00f1os.<img decoding=\"async\" src=\"https:\/\/servedby.revive-adserver.net\/lg.php?bannerid=0&amp;campaignid=0&amp;zoneid=2931&amp;loc=https%3A%2F%2Fwww.larepublica.ec%2Fblog%2F2025%2F01%2F05%2Fluis-gonzalez-asevera-que-va-a-revivir-al-ecuador%2F&amp;referer=https%3A%2F%2Fwww.larepublica.ec%2F&amp;cb=51f2d693bb\" alt=\"\" width=\"0\" height=\"0\" \/><\/p>\n<p><strong>\u00abVamos a revivir a Ecuador con salud, dignidad, con educaci\u00f3n, con paz, con justicia\u00bb, dijo al lanzar su campa\u00f1a proselitista en el norte de Quito<\/strong>, Luisa, quien representa a<strong>l pr\u00f3fugo expresidente del Ecuador Rafael Correa \u2013 condenado por los\u00a0<a href=\"https:\/\/www.bbc.com\/mundo\/noticias-america-latina-52205452\" target=\"_blank\" rel=\"noopener\">casos Sobornos 2012-2016\u00a0<\/a><\/strong><\/p>\n<p>En un discurso ante decenas de personas en un coliseo, Gonz\u00e1lez -que perdi\u00f3 ante Daniel Noboa en las elecciones extraordinarias de 2023-, critic\u00f3 la gesti\u00f3n del actual gobernante al cual llam\u00f3 en varias ocasiones como \u00abel mentiroso de Carondelet\u00bb, como se le conoce al palacio de Gobierno, sede del Ejecutivo.<\/p>\n<p>Asegur\u00f3 que Noboa no cumpli\u00f3 ofertas de campa\u00f1a, como evitar la crisis energ\u00e9tica que, en sus peores momentos del a\u00f1o pasado oblig\u00f3 por el estiaje a apagones de hasta 14 horas diarias; y agreg\u00f3 que subi\u00f3 de 12 al 15 % el impuesto al valor agregado, pese a que en campa\u00f1a dijo que no elevar\u00eda impuestos.<\/p>\n<p>Tambi\u00e9n critic\u00f3 el manejo que ha dado Noboa el tema de la seguridad, que incluy\u00f3 constantes declaratorias de estados de excepci\u00f3n y asever\u00f3 que la RC puso a disposici\u00f3n del gobernante tres planes en favor del pueblo, pero que no los us\u00f3.<\/p>\n<p><strong>Entre ellos, un plan de seguridad, otro para evitar los apagones y uno m\u00e1s para proteger a cinco grupos prioritarios: ni\u00f1os, j\u00f3venes, mujeres, adultos mayores y personas con discapacidad en \u00e1reas como la salud, educaci\u00f3n, acceso a cr\u00e9ditos productivos con c\u00f3modas condiciones, y atenci\u00f3n prioritaria para adultos mayores.<\/strong><\/p>\n<p>Encuestas preliminares advierten que la contienda apunta a ser un nuevo cara a cara entre Noboa y Gonz\u00e1lez el pr\u00f3ximo 9 de febrero, cuando se medir\u00e1n en las urnas 16 aspirantes a la Presidencia, entre ellos el actual presidente, que busca el apoyo popular para dirigir Ecuador hasta 2029.<\/p>\n<p>Y, en caso de que ning\u00fan candidato presidencial alcance el 50 % de los votos o el 40 % y una ventaja de al menos diez puntos sobre el segundo, habr\u00e1 una segunda vuelta entre los dos candidatos m\u00e1s votados programada para el domingo 13 de abril de 2025. EFE<\/p>\n","protected":false},"excerpt":{"rendered":"<p>Luisa Gonz\u00e1lez, candidata a la Presidencia por el movimiento Revoluci\u00f3n Ciudadana (RC), liderado por el exjefe de Estado, Rafael Correa (2007-2017), asever\u00f3 este domingo que van a \u00abrevivir\u00bb al pa\u00eds andino, afectado, en su opini\u00f3n, por malas administraciones en los \u00faltimos a\u00f1os. \u00abVamos a revivir a Ecuador con salud, dignidad, con educaci\u00f3n, con paz, con [&hellip;]<\/p>\n","protected":false},"author":1,"featured_media":8835,"comment_status":"open","ping_status":"open","sticky":false,"template":"","format":"standard","meta":{"footnotes":""},"categories":[12],"tags":[],"_links":{"self":[{"href":"https:\/\/infozamoraec.com\/index.php\/wp-json\/wp\/v2\/posts\/8834"}],"collection":[{"href":"https:\/\/infozamoraec.com\/index.php\/wp-json\/wp\/v2\/posts"}],"about":[{"href":"https:\/\/infozamoraec.com\/index.php\/wp-json\/wp\/v2\/types\/post"}],"author":[{"embeddable":true,"href":"https:\/\/infozamoraec.com\/index.php\/wp-json\/wp\/v2\/users\/1"}],"replies":[{"embeddable":true,"href":"https:\/\/infozamoraec.com\/index.php\/wp-json\/wp\/v2\/comments?post=8834"}],"version-history":[{"count":1,"href":"https:\/\/infozamoraec.com\/index.php\/wp-json\/wp\/v2\/posts\/8834\/revisions"}],"predecessor-version":[{"id":8836,"href":"https:\/\/infozamoraec.com\/index.php\/wp-json\/wp\/v2\/posts\/8834\/revisions\/8836"}],"wp:featuredmedia":[{"embeddable":true,"href":"https:\/\/infozamoraec.com\/index.php\/wp-json\/wp\/v2\/media\/8835"}],"wp:attachment":[{"href":"https:\/\/infozamoraec.com\/index.php\/wp-json\/wp\/v2\/media?parent=8834"}],"wp:term":[{"taxonomy":"category","embeddable":true,"href":"https:\/\/infozamoraec.com\/index.php\/wp-json\/wp\/v2\/categories?post=8834"},{"taxonomy":"post_tag","embeddable":true,"href":"https:\/\/infozamoraec.com\/index.php\/wp-json\/wp\/v2\/tags?post=8834"}],"curies":[{"name":"wp","href":"https:\/\/api.w.org\/{rel}","templated":true}]}}