{"id":8827,"date":"2025-01-06T03:06:32","date_gmt":"2025-01-06T03:06:32","guid":{"rendered":"https:\/\/infozamoraec.com\/?p=8827"},"modified":"2025-01-06T03:06:32","modified_gmt":"2025-01-06T03:06:32","slug":"presidente-noboa-designa-a-ruben-alvarez-como-nuevo-ministro-de-la-amazonia","status":"publish","type":"post","link":"https:\/\/infozamoraec.com\/index.php\/2025\/01\/06\/presidente-noboa-designa-a-ruben-alvarez-como-nuevo-ministro-de-la-amazonia\/","title":{"rendered":"Presidente Noboa designa a Rub\u00e9n \u00c1lvarez como nuevo ministro de la Amazon\u00eda"},"content":{"rendered":"<p>El presidente de la Rep\u00fablica del Ecuador, Daniel Noboa, design\u00f3 a Rub\u00e9n \u00c1lvarez como nuevo ministro de la Amazon\u00eda. A trav\u00e9s del Decreto Ejecutivo No. 496, el presidente en ejercicio de sus facultades constitucionales cambia a su delegado ante del Consejo de la Amazon\u00eda, quien presidente este organismo de planificaci\u00f3n y desarrollo regional .<\/p>\n<p>El art\u00edculo 1 del decreto establece que Rub\u00e9n Alexander \u00c1lvarez Benalc\u00e1zar asumir\u00e1 el cargo de delegado del Presidente de la Rep\u00fablica para presidir el Consejo de Planificaci\u00f3n y Desarrollo de la Circunscripci\u00f3n Territorial Amaz\u00f3nica.<\/p>\n<p>El art\u00edculo 2 deroga cualquier norma que se oponga a lo dispuesto en este decreto. El decreto entra en vigencia a partir de su firma, aunque deber\u00e1 ser publicado en el Registro Oficial. \u00c1lvarez reemplaza a Mar\u00eda Isabel Enr\u00edquez en este cargo.<\/p>\n<p>La designaci\u00f3n se formaliz\u00f3 el 05 de enero de 2025 en el Palacio Nacional, ubicado en el Distrito Metropolitano de Quito.<\/p>\n<div class=\"x11i5rnm xat24cr x1mh8g0r x1vvkbs xtlvy1s x126k92a\">\n<div dir=\"auto\">Este cambio marca un giro en la direcci\u00f3n del ministerio, y por primera vez, se realizar\u00e1 un proceso formal de transici\u00f3n entre las autoridades salientes y entrantes.<\/div>\n<\/div>\n<div class=\"x11i5rnm xat24cr x1mh8g0r x1vvkbs xtlvy1s x126k92a\">\n<div dir=\"auto\">Se espera que \u00c1lvarez Benalc\u00e1zar asuma sus funciones en los pr\u00f3ximos d\u00edas, dando continuidad a las pol\u00edticas y programas enfocados en el desarrollo de la amazon\u00eda.<\/div>\n<\/div>\n<p>&nbsp;<\/p>\n","protected":false},"excerpt":{"rendered":"<p>El presidente de la Rep\u00fablica del Ecuador, Daniel Noboa, design\u00f3 a Rub\u00e9n \u00c1lvarez como nuevo ministro de la Amazon\u00eda. A trav\u00e9s del Decreto Ejecutivo No. 496, el presidente en ejercicio de sus facultades constitucionales cambia a su delegado ante del Consejo de la Amazon\u00eda, quien presidente este organismo de planificaci\u00f3n y desarrollo regional . El [&hellip;]<\/p>\n","protected":false},"author":1,"featured_media":8829,"comment_status":"open","ping_status":"open","sticky":false,"template":"","format":"standard","meta":{"footnotes":""},"categories":[12],"tags":[],"_links":{"self":[{"href":"https:\/\/infozamoraec.com\/index.php\/wp-json\/wp\/v2\/posts\/8827"}],"collection":[{"href":"https:\/\/infozamoraec.com\/index.php\/wp-json\/wp\/v2\/posts"}],"about":[{"href":"https:\/\/infozamoraec.com\/index.php\/wp-json\/wp\/v2\/types\/post"}],"author":[{"embeddable":true,"href":"https:\/\/infozamoraec.com\/index.php\/wp-json\/wp\/v2\/users\/1"}],"replies":[{"embeddable":true,"href":"https:\/\/infozamoraec.com\/index.php\/wp-json\/wp\/v2\/comments?post=8827"}],"version-history":[{"count":1,"href":"https:\/\/infozamoraec.com\/index.php\/wp-json\/wp\/v2\/posts\/8827\/revisions"}],"predecessor-version":[{"id":8830,"href":"https:\/\/infozamoraec.com\/index.php\/wp-json\/wp\/v2\/posts\/8827\/revisions\/8830"}],"wp:featuredmedia":[{"embeddable":true,"href":"https:\/\/infozamoraec.com\/index.php\/wp-json\/wp\/v2\/media\/8829"}],"wp:attachment":[{"href":"https:\/\/infozamoraec.com\/index.php\/wp-json\/wp\/v2\/media?parent=8827"}],"wp:term":[{"taxonomy":"category","embeddable":true,"href":"https:\/\/infozamoraec.com\/index.php\/wp-json\/wp\/v2\/categories?post=8827"},{"taxonomy":"post_tag","embeddable":true,"href":"https:\/\/infozamoraec.com\/index.php\/wp-json\/wp\/v2\/tags?post=8827"}],"curies":[{"name":"wp","href":"https:\/\/api.w.org\/{rel}","templated":true}]}}