{"id":8812,"date":"2024-12-31T02:45:12","date_gmt":"2024-12-31T02:45:12","guid":{"rendered":"https:\/\/infozamoraec.com\/?p=8812"},"modified":"2024-12-31T02:45:12","modified_gmt":"2024-12-31T02:45:12","slug":"mexico-rescatan-a-seis-migrantes-en-el-rio-bravo","status":"publish","type":"post","link":"https:\/\/infozamoraec.com\/index.php\/2024\/12\/31\/mexico-rescatan-a-seis-migrantes-en-el-rio-bravo\/","title":{"rendered":"M\u00e9xico: rescatan a seis migrantes en el r\u00edo Bravo"},"content":{"rendered":"<p>Autoridades de\u00a0<a class=\"internal-link\" href=\"https:\/\/www.dw.com\/es\/m%C3%A9xico\/t-17409380\" target=\"_blank\" rel=\"noopener\">M\u00e9xico<\/a>\u00a0rescataron a seis personas \u00abextranjeras en situaci\u00f3n de vulnerabilidad\u00bb en dos operativos realizados en el r\u00edo Bravo en el municipio de Piedras Negras, estado de Coahuila, en la frontera con Estados Unidos, inform\u00f3 este lunes (30.12.2024) el Instituto Nacional de Migraci\u00f3n (INM).<\/p>\n<p>En una breve nota informativa, el organismo precis\u00f3 que en uno de los casos el Grupo Beta rescat\u00f3 a cinco personas que se ubicaban en un islote del r\u00edo Bravo, conocido como r\u00edo Grande en Estados Unidos.<\/p>\n<p>Entre los rescatados hab\u00eda dos mujeres de Nicaragua, otra de Honduras y dos menores de edad, tambi\u00e9n hondure\u00f1os.<\/p>\n<p>En el otro caso se localiz\u00f3 a una persona de Nicaragua con discapacidad motriz y que se encontraba en el punto conocido como Isla del Mundo.<\/p>\n<p>\u00abLa persona fue auxiliada al presentar signos de hipotermia y trasladada por una ambulancia de la Cruz Roja a un hospital para su valoraci\u00f3n m\u00e9dica\u201d, precis\u00f3 el INM.<\/p>\n<p>El rescate ocurre en medio de las denuncias de migrantes y organizaciones defensoras de derechos humanos, que han acusado al INM de abusos para evitar el avance de los indocumentados hacia el norte del pa\u00eds ante las presiones de\u00a0<a class=\"internal-link\" href=\"https:\/\/www.dw.com\/es\/estados-unidos\/t-17411942\" target=\"_blank\" rel=\"noopener\">Estados Unidos<\/a>, donde el presidente electo,\u00a0<a class=\"internal-link\" href=\"https:\/\/www.dw.com\/es\/trump-donald\/t-19445010\" target=\"_blank\" rel=\"noopener\">Donald Trump<\/a>, ha pedido a M\u00e9xico que detenga \u00abla invasi\u00f3n\u00bb migratoria.<\/p>\n<p>El Gobierno mexicano ha asegurado que existe una reducci\u00f3n del 75 % en el registro diario de migrantes irregulares en la frontera con EE.UU. desde diciembre de 2023, con datos de la Oficina de Aduanas y Protecci\u00f3n Fronteriza (CBP).<\/p>\n<p>Pero M\u00e9xico detect\u00f3 un r\u00e9cord de m\u00e1s de 925.000 migrantes irregulares de enero a agosto pasado, una subida interanual de casi el 132 %, seg\u00fan la Unidad de Pol\u00edtica Migratoria del Gobierno.<\/p>\n<p>mg (efe, Tabasco Hoy)<\/p>\n","protected":false},"excerpt":{"rendered":"<p>Autoridades de\u00a0M\u00e9xico\u00a0rescataron a seis personas \u00abextranjeras en situaci\u00f3n de vulnerabilidad\u00bb en dos operativos realizados en el r\u00edo Bravo en el municipio de Piedras Negras, estado de Coahuila, en la frontera con Estados Unidos, inform\u00f3 este lunes (30.12.2024) el Instituto Nacional de Migraci\u00f3n (INM). En una breve nota informativa, el organismo precis\u00f3 que en uno de [&hellip;]<\/p>\n","protected":false},"author":1,"featured_media":8813,"comment_status":"open","ping_status":"open","sticky":false,"template":"","format":"standard","meta":{"footnotes":""},"categories":[8],"tags":[],"_links":{"self":[{"href":"https:\/\/infozamoraec.com\/index.php\/wp-json\/wp\/v2\/posts\/8812"}],"collection":[{"href":"https:\/\/infozamoraec.com\/index.php\/wp-json\/wp\/v2\/posts"}],"about":[{"href":"https:\/\/infozamoraec.com\/index.php\/wp-json\/wp\/v2\/types\/post"}],"author":[{"embeddable":true,"href":"https:\/\/infozamoraec.com\/index.php\/wp-json\/wp\/v2\/users\/1"}],"replies":[{"embeddable":true,"href":"https:\/\/infozamoraec.com\/index.php\/wp-json\/wp\/v2\/comments?post=8812"}],"version-history":[{"count":1,"href":"https:\/\/infozamoraec.com\/index.php\/wp-json\/wp\/v2\/posts\/8812\/revisions"}],"predecessor-version":[{"id":8814,"href":"https:\/\/infozamoraec.com\/index.php\/wp-json\/wp\/v2\/posts\/8812\/revisions\/8814"}],"wp:featuredmedia":[{"embeddable":true,"href":"https:\/\/infozamoraec.com\/index.php\/wp-json\/wp\/v2\/media\/8813"}],"wp:attachment":[{"href":"https:\/\/infozamoraec.com\/index.php\/wp-json\/wp\/v2\/media?parent=8812"}],"wp:term":[{"taxonomy":"category","embeddable":true,"href":"https:\/\/infozamoraec.com\/index.php\/wp-json\/wp\/v2\/categories?post=8812"},{"taxonomy":"post_tag","embeddable":true,"href":"https:\/\/infozamoraec.com\/index.php\/wp-json\/wp\/v2\/tags?post=8812"}],"curies":[{"name":"wp","href":"https:\/\/api.w.org\/{rel}","templated":true}]}}