{"id":8794,"date":"2024-12-31T02:34:23","date_gmt":"2024-12-31T02:34:23","guid":{"rendered":"https:\/\/infozamoraec.com\/?p=8794"},"modified":"2024-12-31T02:34:23","modified_gmt":"2024-12-31T02:34:23","slug":"cne-no-se-pronunciara-sobre-obligatoriedad-de-pedir-licencia-para-la-campana","status":"publish","type":"post","link":"https:\/\/infozamoraec.com\/index.php\/2024\/12\/31\/cne-no-se-pronunciara-sobre-obligatoriedad-de-pedir-licencia-para-la-campana\/","title":{"rendered":"CNE no se pronunciar\u00e1 sobre obligatoriedad de pedir licencia para la campa\u00f1a"},"content":{"rendered":"<p>El\u00a0<strong>Consejo Nacional Electoral (CNE)\u00a0<\/strong>resolvi\u00f3 la noche de hoy, 30 de dicmiembre de 2024, que no har\u00e1 un pronunciamiento oficial sobre la obligatoriedad que tienen los candidatos que buscan la reelecci\u00f3n de pedir<strong>\u00a0licencia para hacer campa\u00f1a\u00a0<\/strong>en las\u00a0elecciones 2025.<\/p>\n<p>La\u00a0<strong>consejera Elena N\u00e1jera\u00a0<\/strong>plante\u00f3 una moci\u00f3n durante una sesi\u00f3n para que la entidad haga un pronunciamiento sobre el\u00a0<strong>art\u00edculo 93 del C\u00f3digo de la Democracia<\/strong>, el cual recoge: \u00abLos dignatarios que opten por la reelecci\u00f3n inmediata al mismo cargo deber\u00e1n hacer uso de licencia sin remuneraci\u00f3n desde el inicio de la campa\u00f1a electoral\u00bb.<\/p>\n<p>La moci\u00f3n necesitaba del respaldo de alguno de los consejeros. Lo que no ocurri\u00f3. El vicepresidente del CNE,\u00a0<strong>Enrique Pita<\/strong>, dijo que el art\u00edculo 93 del C\u00f3digo de la Democracia \u00abes lo suficientemente claro como para hacer un pronunciamiento\u00bb.<\/p>\n","protected":false},"excerpt":{"rendered":"<p>El\u00a0Consejo Nacional Electoral (CNE)\u00a0resolvi\u00f3 la noche de hoy, 30 de dicmiembre de 2024, que no har\u00e1 un pronunciamiento oficial sobre la obligatoriedad que tienen los candidatos que buscan la reelecci\u00f3n de pedir\u00a0licencia para hacer campa\u00f1a\u00a0en las\u00a0elecciones 2025. La\u00a0consejera Elena N\u00e1jera\u00a0plante\u00f3 una moci\u00f3n durante una sesi\u00f3n para que la entidad haga un pronunciamiento sobre el\u00a0art\u00edculo 93 [&hellip;]<\/p>\n","protected":false},"author":1,"featured_media":8795,"comment_status":"open","ping_status":"open","sticky":false,"template":"","format":"standard","meta":{"footnotes":""},"categories":[12],"tags":[],"_links":{"self":[{"href":"https:\/\/infozamoraec.com\/index.php\/wp-json\/wp\/v2\/posts\/8794"}],"collection":[{"href":"https:\/\/infozamoraec.com\/index.php\/wp-json\/wp\/v2\/posts"}],"about":[{"href":"https:\/\/infozamoraec.com\/index.php\/wp-json\/wp\/v2\/types\/post"}],"author":[{"embeddable":true,"href":"https:\/\/infozamoraec.com\/index.php\/wp-json\/wp\/v2\/users\/1"}],"replies":[{"embeddable":true,"href":"https:\/\/infozamoraec.com\/index.php\/wp-json\/wp\/v2\/comments?post=8794"}],"version-history":[{"count":1,"href":"https:\/\/infozamoraec.com\/index.php\/wp-json\/wp\/v2\/posts\/8794\/revisions"}],"predecessor-version":[{"id":8796,"href":"https:\/\/infozamoraec.com\/index.php\/wp-json\/wp\/v2\/posts\/8794\/revisions\/8796"}],"wp:featuredmedia":[{"embeddable":true,"href":"https:\/\/infozamoraec.com\/index.php\/wp-json\/wp\/v2\/media\/8795"}],"wp:attachment":[{"href":"https:\/\/infozamoraec.com\/index.php\/wp-json\/wp\/v2\/media?parent=8794"}],"wp:term":[{"taxonomy":"category","embeddable":true,"href":"https:\/\/infozamoraec.com\/index.php\/wp-json\/wp\/v2\/categories?post=8794"},{"taxonomy":"post_tag","embeddable":true,"href":"https:\/\/infozamoraec.com\/index.php\/wp-json\/wp\/v2\/tags?post=8794"}],"curies":[{"name":"wp","href":"https:\/\/api.w.org\/{rel}","templated":true}]}}