{"id":8761,"date":"2024-12-28T01:04:24","date_gmt":"2024-12-28T01:04:24","guid":{"rendered":"https:\/\/infozamoraec.com\/?p=8761"},"modified":"2024-12-28T01:04:24","modified_gmt":"2024-12-28T01:04:24","slug":"ministra-manzano-desde-el-1-de-enero-se-acaban-los-apagones-y-las-restricciones-para-las-industrias-de-los-segmentos-av1-y-av2","status":"publish","type":"post","link":"https:\/\/infozamoraec.com\/index.php\/2024\/12\/28\/ministra-manzano-desde-el-1-de-enero-se-acaban-los-apagones-y-las-restricciones-para-las-industrias-de-los-segmentos-av1-y-av2\/","title":{"rendered":"Ministra Manzano: Desde el 1 de enero se acaban los apagones y las restricciones para las industrias de los segmentos AV1 y AV2"},"content":{"rendered":"<p>A partir del 1 de enero de 2025, las industrias de los segmentos AV1 y AV2 no tendr\u00e1n restricciones ni suspensiones de electricidad, anunci\u00f3 la ministra encargada de Energ\u00eda y Minas, In\u00e9s Manzano, en su cuenta de X (antes Twitter).<\/p>\n<p>Adem\u00e1s, la ministra agradeci\u00f3 a las industrias. \u201cAgradecemos su compromiso y aporte al sistema mediante su autogeneraci\u00f3n\u201d.<\/p>\n<p>La ministra de Energ\u00eda (e), In\u00e9s Manzano, anunci\u00f3 d\u00edas atr\u00e1s la desconexi\u00f3n del 15 al 31 de diciembre a siete empresas: las cementeras Guap\u00e1n, Holcim y Chimborazo, las mineras Mirador y Fruta del Norte y dos acer\u00edas, que son de los segmentos de Alto Voltaje 1 y 2. Al final, los cortes para las siete empresas empezaron el 16 de diciembre, a las 00:00.<\/p>\n<p>A las dem\u00e1s industrias dijo que se \u201cmantienen los cortes que han tenido, que se han trabajado con todas las empresas distribuidoras, donde ya todos saben en qu\u00e9 momento tienen las horas de trabajo\u201d.<\/p>\n","protected":false},"excerpt":{"rendered":"<p>A partir del 1 de enero de 2025, las industrias de los segmentos AV1 y AV2 no tendr\u00e1n restricciones ni suspensiones de electricidad, anunci\u00f3 la ministra encargada de Energ\u00eda y Minas, In\u00e9s Manzano, en su cuenta de X (antes Twitter). Adem\u00e1s, la ministra agradeci\u00f3 a las industrias. \u201cAgradecemos su compromiso y aporte al sistema mediante [&hellip;]<\/p>\n","protected":false},"author":1,"featured_media":8762,"comment_status":"open","ping_status":"open","sticky":false,"template":"","format":"standard","meta":{"footnotes":""},"categories":[12],"tags":[],"_links":{"self":[{"href":"https:\/\/infozamoraec.com\/index.php\/wp-json\/wp\/v2\/posts\/8761"}],"collection":[{"href":"https:\/\/infozamoraec.com\/index.php\/wp-json\/wp\/v2\/posts"}],"about":[{"href":"https:\/\/infozamoraec.com\/index.php\/wp-json\/wp\/v2\/types\/post"}],"author":[{"embeddable":true,"href":"https:\/\/infozamoraec.com\/index.php\/wp-json\/wp\/v2\/users\/1"}],"replies":[{"embeddable":true,"href":"https:\/\/infozamoraec.com\/index.php\/wp-json\/wp\/v2\/comments?post=8761"}],"version-history":[{"count":1,"href":"https:\/\/infozamoraec.com\/index.php\/wp-json\/wp\/v2\/posts\/8761\/revisions"}],"predecessor-version":[{"id":8763,"href":"https:\/\/infozamoraec.com\/index.php\/wp-json\/wp\/v2\/posts\/8761\/revisions\/8763"}],"wp:featuredmedia":[{"embeddable":true,"href":"https:\/\/infozamoraec.com\/index.php\/wp-json\/wp\/v2\/media\/8762"}],"wp:attachment":[{"href":"https:\/\/infozamoraec.com\/index.php\/wp-json\/wp\/v2\/media?parent=8761"}],"wp:term":[{"taxonomy":"category","embeddable":true,"href":"https:\/\/infozamoraec.com\/index.php\/wp-json\/wp\/v2\/categories?post=8761"},{"taxonomy":"post_tag","embeddable":true,"href":"https:\/\/infozamoraec.com\/index.php\/wp-json\/wp\/v2\/tags?post=8761"}],"curies":[{"name":"wp","href":"https:\/\/api.w.org\/{rel}","templated":true}]}}