{"id":8735,"date":"2024-12-27T17:23:02","date_gmt":"2024-12-27T17:23:02","guid":{"rendered":"https:\/\/infozamoraec.com\/?p=8735"},"modified":"2024-12-27T17:23:02","modified_gmt":"2024-12-27T17:23:02","slug":"nuevas-artesanas-en-corte-y-confeccion-logran-registro-senescyt","status":"publish","type":"post","link":"https:\/\/infozamoraec.com\/index.php\/2024\/12\/27\/nuevas-artesanas-en-corte-y-confeccion-logran-registro-senescyt\/","title":{"rendered":"Nuevas artesanas en corte y confecci\u00f3n logran registro SENESCYT \u00a0"},"content":{"rendered":"<p style=\"font-weight: 400;\">La Prefectura de Zamora Chinchipe, como resultado de las capacitaciones que realiza a trav\u00e9s del \u00e1rea de Inclusi\u00f3n Social, se logr\u00f3 la incorporaci\u00f3n del primer grupo de Artesanos en Corte y Confecci\u00f3n, con certificaci\u00f3n registrada en la Secretar\u00eda Nacional de Educaci\u00f3n Superior, Ciencia, Tecnolog\u00eda e Innovaci\u00f3n (SENESCYT). Esto bajo la coordinaci\u00f3n institucional con el Municipio de Paquisha.<\/p>\n<p style=\"font-weight: 400;\">Se trata de seis mujeres y un caballero de entre 18 a 50 a\u00f1os que culminaron el nivel III, en dos meses de capacitaci\u00f3n. Con esta certificaci\u00f3n los beneficiarios contar\u00e1n con herramientas que les permitir\u00e1 potenciar sus emprendimientos, adem\u00e1s de tener un aval oficial de conocimientos, habilidades, destrezas o experiencia. La Prefectura aport\u00f3 con una maestra en corte y confecci\u00f3n, y el apoyo para el registro de la certificaci\u00f3n, por su parte, el Gad Cantonal, apoy\u00f3 con 8 m\u00e1quinas y log\u00edstica.<\/p>\n<p style=\"font-weight: 400;\">Mar\u00eda \u00c1lvarez, graduada de este taller, muy feliz agradeci\u00f3 infinitamente a todas las autoridades por este proyecto\u00a0<strong><em>\u201cme siento muy orgullosa y contenta porque, para m\u00ed es un anhelo muy grande que lo logr\u00e9 y tambi\u00e9n me siento feliz de aportar a la econom\u00eda de mi familia y hogar\u201d<\/em><\/strong>, dijo.<\/p>\n<p style=\"font-weight: 400;\">Pa\u00fal Rodr\u00edguez, alcalde de Paquisha, aprovech\u00f3 su intervenci\u00f3n para agradecer a la Prefecta por el apoyo que siempre les est\u00e1 brindando\u00a0<strong><em>\u201ccomo autoridades no solo vamos a obras de cemento, sino tambi\u00e9n a estos peque\u00f1os proyectos que son muy importante y que les da la oportunidad a los alumnos de poner un negocio propio\u201d<\/em><\/strong>, manifest\u00f3.<\/p>\n<p style=\"font-weight: 400;\">El proyecto social se denomina\u00a0<strong>\u201cGeneraci\u00f3n de habilidades, destrezas y emprendimientos\u201d<\/strong>, y a nivel provincial lleva desarrollando 30 talleres, uno de ellos, es el de corte y confecci\u00f3n, mismo que comprende de tres niveles: b\u00e1sica, media y avanzada.<\/p>\n<p style=\"font-weight: 400;\">Por su parte, la primera autoridad provincial, Karla Reategui, entusiasmada felicit\u00f3 a todos los alumnos por haber cumplido sus objetivos y expres\u00f3\u00a0<strong><em>\u201csomos una prefectura humana, vamos garantizando el desarrollo de la provincia desde todos los espacios y la l\u00ednea de la capacitaci\u00f3n y el emprendimiento es fundamental; y por eso lo estamos trabajando\u201d<\/em><\/strong>.<\/p>\n","protected":false},"excerpt":{"rendered":"<p>La Prefectura de Zamora Chinchipe, como resultado de las capacitaciones que realiza a trav\u00e9s del \u00e1rea de Inclusi\u00f3n Social, se logr\u00f3 la incorporaci\u00f3n del primer grupo de Artesanos en Corte y Confecci\u00f3n, con certificaci\u00f3n registrada en la Secretar\u00eda Nacional de Educaci\u00f3n Superior, Ciencia, Tecnolog\u00eda e Innovaci\u00f3n (SENESCYT). Esto bajo la coordinaci\u00f3n institucional con el Municipio [&hellip;]<\/p>\n","protected":false},"author":1,"featured_media":8736,"comment_status":"open","ping_status":"open","sticky":false,"template":"","format":"standard","meta":{"footnotes":""},"categories":[9],"tags":[],"_links":{"self":[{"href":"https:\/\/infozamoraec.com\/index.php\/wp-json\/wp\/v2\/posts\/8735"}],"collection":[{"href":"https:\/\/infozamoraec.com\/index.php\/wp-json\/wp\/v2\/posts"}],"about":[{"href":"https:\/\/infozamoraec.com\/index.php\/wp-json\/wp\/v2\/types\/post"}],"author":[{"embeddable":true,"href":"https:\/\/infozamoraec.com\/index.php\/wp-json\/wp\/v2\/users\/1"}],"replies":[{"embeddable":true,"href":"https:\/\/infozamoraec.com\/index.php\/wp-json\/wp\/v2\/comments?post=8735"}],"version-history":[{"count":1,"href":"https:\/\/infozamoraec.com\/index.php\/wp-json\/wp\/v2\/posts\/8735\/revisions"}],"predecessor-version":[{"id":8737,"href":"https:\/\/infozamoraec.com\/index.php\/wp-json\/wp\/v2\/posts\/8735\/revisions\/8737"}],"wp:featuredmedia":[{"embeddable":true,"href":"https:\/\/infozamoraec.com\/index.php\/wp-json\/wp\/v2\/media\/8736"}],"wp:attachment":[{"href":"https:\/\/infozamoraec.com\/index.php\/wp-json\/wp\/v2\/media?parent=8735"}],"wp:term":[{"taxonomy":"category","embeddable":true,"href":"https:\/\/infozamoraec.com\/index.php\/wp-json\/wp\/v2\/categories?post=8735"},{"taxonomy":"post_tag","embeddable":true,"href":"https:\/\/infozamoraec.com\/index.php\/wp-json\/wp\/v2\/tags?post=8735"}],"curies":[{"name":"wp","href":"https:\/\/api.w.org\/{rel}","templated":true}]}}