{"id":8722,"date":"2024-12-27T02:28:22","date_gmt":"2024-12-27T02:28:22","guid":{"rendered":"https:\/\/infozamoraec.com\/?p=8722"},"modified":"2024-12-27T02:28:22","modified_gmt":"2024-12-27T02:28:22","slug":"mexico-pide-a-otros-paises-que-reciban-a-deportados-de-trump","status":"publish","type":"post","link":"https:\/\/infozamoraec.com\/index.php\/2024\/12\/27\/mexico-pide-a-otros-paises-que-reciban-a-deportados-de-trump\/","title":{"rendered":"M\u00e9xico pide a otros pa\u00edses que reciban a deportados de Trump"},"content":{"rendered":"<p>El Gobierno mexicano est\u00e1 dialogando con otros pa\u00edses de\u00a0<a class=\"internal-link\" href=\"https:\/\/www.dw.com\/es\/latinoam%C3%A9rica\/t-43143588\" target=\"_blank\" rel=\"noopener\">Latinoam\u00e9rica<\/a>\u00a0para que reciban de forma directa a los pr\u00f3ximos migrantes deportados por el presidente electo de\u00a0<a class=\"internal-link\" href=\"https:\/\/www.dw.com\/es\/estados-unidos\/t-17411942\" target=\"_blank\" rel=\"noopener\">Estados Unidos<\/a>,\u00a0<a class=\"internal-link\" href=\"https:\/\/www.dw.com\/es\/trump-donald\/t-19445010\" target=\"_blank\" rel=\"noopener\">Donald Trump<\/a>, en lugar de recibirlos en\u00a0<a class=\"internal-link\" href=\"https:\/\/www.dw.com\/es\/m%C3%A9xico\/t-17409380\" target=\"_blank\" rel=\"noopener\">M\u00e9xico<\/a>, revel\u00f3 este jueves (26.12.2024) la presidenta,\u00a0<a class=\"internal-link\" href=\"https:\/\/www.dw.com\/es\/sheinbaum-claudia\/t-69249825\" target=\"_blank\" rel=\"noopener\">Claudia Sheinbaum<\/a>.<\/p>\n<p>\u00abS\u00ed, el canciller Juan Ram\u00f3n de la Fuente est\u00e1 hablando con algunos otros pa\u00edses cuyos habitantes cruzan el territorio nacional para llegar a la frontera norte\u00bb, respondi\u00f3 la mandataria en su conferencia matutina cuestionada sobre si el Gobierno est\u00e1 hablando con otras naciones para que reciban a los deportados.<\/p>\n<p>La gobernante mexicana reiter\u00f3 \u00abla insistencia a Estados Unidos de que la repatriaci\u00f3n se haga a los distintos pa\u00edses de origen\u00bb, en lugar de expulsarlos a M\u00e9xico.<\/p>\n<p>\u00abEl canciller, ya lo va a explicar \u00e9l, pero (est\u00e1 hablando) con varios pa\u00edses, particularmente en Centroam\u00e9rica, y siempre vamos a estar cerca, porque si bien tenemos un tratado comercial con Estados Unidos y Canad\u00e1 (el T-MEC), siempre vamos a estar cerca de Am\u00e9rica Latina\u00bb, coment\u00f3 Sheinbaum sin m\u00e1s detalles.<\/p>\n<p>En el pa\u00eds preocupan las deportaciones masivas prometidas por Trump porque los mexicanos son cerca de la mitad de los 11 millones de indocumentados en Estados Unidos y sus remesas representan casi el 4 % del producto interior bruto (PIB) de M\u00e9xico, que este a\u00f1o recibir\u00eda un r\u00e9cord estimado de 65.000 millones de d\u00f3lares.<\/p>\n<div class=\"render-container rich-text-ad\"><\/div>\n<h2>R\u00e9cord de migrantes irregulares<\/h2>\n<p>Adem\u00e1s, aunque el encuentro diario de indocumentados en la frontera de Estados Unidos ha disminuido un 75 % desde diciembre de 2023, el Gobierno de M\u00e9xico detect\u00f3 un r\u00e9cord de m\u00e1s de 925.000 migrantes irregulares de enero a agosto pasado, una subida interanual de casi 132 %.<\/p>\n<p>Sheinbaum ha prometido solidaridad con migrantes de Latinoam\u00e9rica, pero ha advertido de que su prioridad ser\u00e1 atender a los mexicanos deportados.<\/p>\n<p>\u00abPor supuesto que nosotros vamos a seguir defendiendo a los mexicanos y a las mexicanas en Estados Unidos, es lo que nos corresponde, y en caso de que haya deportaciones prepararnos para poderles dar la bienvenida\u00bb, reafirm\u00f3 ahora.<\/p>\n<h2>Trump retomar\u00e1 deportaciones de familias migrantes<\/h2>\n<p>Por su parte, el &#8216;zar de la frontera&#8217; de Donald Trump, Tom Homan, anunci\u00f3 este jueves que el futuro Gobierno de Estados Unidos reintroducir\u00e1 la detenci\u00f3n de familias migrantes cuando llegue al poder el 20 de enero.<\/p>\n<p>Homan explic\u00f3 en una entrevista con el diario The Washington Post que las autoridades migratorias detendr\u00e1n a los adultos con hijos menores en centros con tiendas de campa\u00f1a o carpas, similares a las que se utilizan durante las olas migratorias.<\/p>\n<p>El &#8216;zar de la frontera&#8217; tambi\u00e9n dijo que el Gobierno no tendr\u00e1 en cuenta si los menores son nacidos en Estados Unidos y por tanto tienen nacionalidad estadounidense.<\/p>\n<p>\u00abEl problema es el siguiente: usted sab\u00eda que estaba en el pa\u00eds de manera ilegal y decidi\u00f3 tener un hijo. As\u00ed que fue usted quien puso a su familia en esa posici\u00f3n\u00bb, afirm\u00f3.<\/p>\n<p>Homan detall\u00f3 que ser\u00e1n las familias quienes decidir\u00e1n si son deportadas a sus pa\u00edses de origen junto con los menores o si los dejan en Estados Unidos.<\/p>\n<p>jc (efe, ap, Telemundo)<\/p>\n","protected":false},"excerpt":{"rendered":"<p>El Gobierno mexicano est\u00e1 dialogando con otros pa\u00edses de\u00a0Latinoam\u00e9rica\u00a0para que reciban de forma directa a los pr\u00f3ximos migrantes deportados por el presidente electo de\u00a0Estados Unidos,\u00a0Donald Trump, en lugar de recibirlos en\u00a0M\u00e9xico, revel\u00f3 este jueves (26.12.2024) la presidenta,\u00a0Claudia Sheinbaum. \u00abS\u00ed, el canciller Juan Ram\u00f3n de la Fuente est\u00e1 hablando con algunos otros pa\u00edses cuyos habitantes cruzan [&hellip;]<\/p>\n","protected":false},"author":1,"featured_media":8723,"comment_status":"open","ping_status":"open","sticky":false,"template":"","format":"standard","meta":{"footnotes":""},"categories":[8],"tags":[],"_links":{"self":[{"href":"https:\/\/infozamoraec.com\/index.php\/wp-json\/wp\/v2\/posts\/8722"}],"collection":[{"href":"https:\/\/infozamoraec.com\/index.php\/wp-json\/wp\/v2\/posts"}],"about":[{"href":"https:\/\/infozamoraec.com\/index.php\/wp-json\/wp\/v2\/types\/post"}],"author":[{"embeddable":true,"href":"https:\/\/infozamoraec.com\/index.php\/wp-json\/wp\/v2\/users\/1"}],"replies":[{"embeddable":true,"href":"https:\/\/infozamoraec.com\/index.php\/wp-json\/wp\/v2\/comments?post=8722"}],"version-history":[{"count":1,"href":"https:\/\/infozamoraec.com\/index.php\/wp-json\/wp\/v2\/posts\/8722\/revisions"}],"predecessor-version":[{"id":8724,"href":"https:\/\/infozamoraec.com\/index.php\/wp-json\/wp\/v2\/posts\/8722\/revisions\/8724"}],"wp:featuredmedia":[{"embeddable":true,"href":"https:\/\/infozamoraec.com\/index.php\/wp-json\/wp\/v2\/media\/8723"}],"wp:attachment":[{"href":"https:\/\/infozamoraec.com\/index.php\/wp-json\/wp\/v2\/media?parent=8722"}],"wp:term":[{"taxonomy":"category","embeddable":true,"href":"https:\/\/infozamoraec.com\/index.php\/wp-json\/wp\/v2\/categories?post=8722"},{"taxonomy":"post_tag","embeddable":true,"href":"https:\/\/infozamoraec.com\/index.php\/wp-json\/wp\/v2\/tags?post=8722"}],"curies":[{"name":"wp","href":"https:\/\/api.w.org\/{rel}","templated":true}]}}