{"id":8666,"date":"2024-12-24T02:43:18","date_gmt":"2024-12-24T02:43:18","guid":{"rendered":"https:\/\/infozamoraec.com\/?p=8666"},"modified":"2024-12-24T02:43:18","modified_gmt":"2024-12-24T02:43:18","slug":"wilman-teran-y-maribel-barreno-condenados-a-nueve-anos-por-caso-independencia-judicial","status":"publish","type":"post","link":"https:\/\/infozamoraec.com\/index.php\/2024\/12\/24\/wilman-teran-y-maribel-barreno-condenados-a-nueve-anos-por-caso-independencia-judicial\/","title":{"rendered":"Wilman Ter\u00e1n y Maribel Barreno condenados a nueve a\u00f1os por caso Independencia Judicial"},"content":{"rendered":"<p><a title=\"\" href=\"https:\/\/www.larepublica.ec\/blog\/2024\/12\/10\/wilman-teran-incluye-a-ronny-aleaga-como-testigo-en-el-caso-independencia-judicial\/\" target=\"_blank\" rel=\"noopener\"><strong>Wilman Ter\u00e1n<\/strong><\/a>, ex presidente del Consejo de la Judicatura, y\u00a0<strong><a title=\"\" href=\"https:\/\/x.com\/BarrenoMaribel\" target=\"_blank\">Maribel Barreno<\/a><\/strong>, ex vocal de ese organismo, fueron sentenciados con nueve a\u00f1os y cuatro meses de prisi\u00f3n por obstrucci\u00f3n a la justicia en el caso Independencia Judicial, este lunes, 23 de diciembre.<\/p>\n<p>En total, nueve personas fueron sentenciadas por un tribunal de la Corte Nacional de Justicia.<\/p>\n<p>Ter\u00e1n y Barreno fueron considerados responsables directos del delito, mientras que los otros siete fueron penalizados como c\u00f3mplices.<\/p>\n<p>Estos \u00faltimos enfrentan penas de prisi\u00f3n que oscilan entre 1,5 y 4,5 a\u00f1os.<\/p>\n<p>La entidad dispuso la difusi\u00f3n de su fallo en las plataformas digitales del Consejo de la Judicatura y la Corte Nacional de Justicia.<\/p>\n<p>Orden\u00f3, la colocaci\u00f3n de una placa en la sede del Consejo de la Judicatura con la siguiente inscripci\u00f3n:\u00a0<strong>\u00abSin independencia judicial los derechos pierden su valor, el Estado su raz\u00f3n de ser y la sociedad desconf\u00eda en el sistema de justicia\u00bb.<\/strong><\/p>\n<p>Para las medidas de reparaci\u00f3n, los condenados deber\u00e1n disculparse p\u00fablicamente con el exjuez de la Corte Nacional de Justicia, Walter Mac\u00edas, quien fue considerado v\u00edctima indirecta en este caso.<\/p>\n<p>Se fijaron montos de indemnizaci\u00f3n: los autores del delito deber\u00e1n abonar 3.000 d\u00f3lares, mientras que los c\u00f3mplices deber\u00e1n pagar entre 225 y 1.000 d\u00f3lares.<\/p>\n<p>La investigaci\u00f3n se centr\u00f3 en las decisiones tomadas tanto por la Judicatura como por la Corte Nacional de Justicia que llevaron a la destituci\u00f3n de Mac\u00edas de su cargo.<\/p>\n<p>Esta es la segunda condena que enfrenta Wilman Ter\u00e1n, quien, hace un mes, tambi\u00e9n fue sentenciado a nueve a\u00f1os de prisi\u00f3n por delincuencia organizada en el caso Met\u00e1stasis.<\/p>\n<p><em><strong>Nota por:<\/strong>\u00a0David Josue Quispe Franco.<\/em><\/p>\n<p>&nbsp;<\/p>\n","protected":false},"excerpt":{"rendered":"<p>Wilman Ter\u00e1n, ex presidente del Consejo de la Judicatura, y\u00a0Maribel Barreno, ex vocal de ese organismo, fueron sentenciados con nueve a\u00f1os y cuatro meses de prisi\u00f3n por obstrucci\u00f3n a la justicia en el caso Independencia Judicial, este lunes, 23 de diciembre. En total, nueve personas fueron sentenciadas por un tribunal de la Corte Nacional de [&hellip;]<\/p>\n","protected":false},"author":1,"featured_media":8667,"comment_status":"open","ping_status":"open","sticky":false,"template":"","format":"standard","meta":{"footnotes":""},"categories":[12],"tags":[],"_links":{"self":[{"href":"https:\/\/infozamoraec.com\/index.php\/wp-json\/wp\/v2\/posts\/8666"}],"collection":[{"href":"https:\/\/infozamoraec.com\/index.php\/wp-json\/wp\/v2\/posts"}],"about":[{"href":"https:\/\/infozamoraec.com\/index.php\/wp-json\/wp\/v2\/types\/post"}],"author":[{"embeddable":true,"href":"https:\/\/infozamoraec.com\/index.php\/wp-json\/wp\/v2\/users\/1"}],"replies":[{"embeddable":true,"href":"https:\/\/infozamoraec.com\/index.php\/wp-json\/wp\/v2\/comments?post=8666"}],"version-history":[{"count":1,"href":"https:\/\/infozamoraec.com\/index.php\/wp-json\/wp\/v2\/posts\/8666\/revisions"}],"predecessor-version":[{"id":8668,"href":"https:\/\/infozamoraec.com\/index.php\/wp-json\/wp\/v2\/posts\/8666\/revisions\/8668"}],"wp:featuredmedia":[{"embeddable":true,"href":"https:\/\/infozamoraec.com\/index.php\/wp-json\/wp\/v2\/media\/8667"}],"wp:attachment":[{"href":"https:\/\/infozamoraec.com\/index.php\/wp-json\/wp\/v2\/media?parent=8666"}],"wp:term":[{"taxonomy":"category","embeddable":true,"href":"https:\/\/infozamoraec.com\/index.php\/wp-json\/wp\/v2\/categories?post=8666"},{"taxonomy":"post_tag","embeddable":true,"href":"https:\/\/infozamoraec.com\/index.php\/wp-json\/wp\/v2\/tags?post=8666"}],"curies":[{"name":"wp","href":"https:\/\/api.w.org\/{rel}","templated":true}]}}