{"id":8656,"date":"2024-12-24T02:31:48","date_gmt":"2024-12-24T02:31:48","guid":{"rendered":"https:\/\/infozamoraec.com\/?p=8656"},"modified":"2024-12-24T02:31:48","modified_gmt":"2024-12-24T02:31:48","slug":"primer-centro-violeta-en-zamora-chinchipe","status":"publish","type":"post","link":"https:\/\/infozamoraec.com\/index.php\/2024\/12\/24\/primer-centro-violeta-en-zamora-chinchipe\/","title":{"rendered":"Primer centro violeta en Zamora  Chinchipe"},"content":{"rendered":"<p style=\"font-weight: 400;\">Hoy, La provincia de Zamora Chinchipe cuenta con el Primer Centro Violeta; todo esto, gracias a las gestiones realizadas por la prefecta Karla Re\u00e1tegui, quien, junto a la Subsecretaria del Ministerio de la Mujer y Derechos Humanos, Mar\u00eda Luisa Morales, dieron por entregados los espacios que atender\u00e1n a mujeres, ni\u00f1as, ni\u00f1os y adolescentes, v\u00edctimas de violencia de g\u00e9nero.<\/p>\n<p style=\"font-weight: 400;\">La violencia contra las mujeres sigue siendo una de las violaciones de derechos humanos m\u00e1s generalizados en todo el mundo. En la provincia de Zamora Chinchipe, seg\u00fan las estad\u00edsticas del INEC del a\u00f1o 2019, demuestran que los tipos de violencia m\u00e1s comunes se dan en la parte econ\u00f3mico \u2013 patrimonial, psicol\u00f3gica, sexual, f\u00edsica y gineco \u2013 obstetra.<\/p>\n<p style=\"font-weight: 400;\"><strong><em>\u201cHoy ha sido un d\u00eda hist\u00f3rico para nuestra provincia y de manera especial para todas las mujeres que sufren violencia, que es lo que m\u00e1s ha afectado a esta sociedad\u201d<\/em><\/strong>, expres\u00f3 Mar\u00eda del Carmen G\u00e1lvez, presidenta de UNME FILIAL Zamora.<\/p>\n<p style=\"font-weight: 400;\">Cabe mencionar que, para la creaci\u00f3n de este centro, se firm\u00f3 un convenio interinstitucional, donde la instituci\u00f3n provincial dispuso de la infraestructura, mientras que el Ministerio de la Mujer y Derechos Humanos realiz\u00f3 las adecuaciones de los espacios para la atenci\u00f3n integral.<\/p>\n<p style=\"font-weight: 400;\">Mar\u00eda Luisa Morales, Subsecretaria del Ministerio de la Mujer y Derechos Humanos, agradeci\u00f3 a la instituci\u00f3n por el espacio brindado y permitir adecuar las instalaciones\u00a0<strong><em>\u201ces uno de los tres centros violetas que ya tenemos en la Amazon\u00eda (\u2026), y lo que queremos es llegar a m\u00e1s mujeres y personas que han sufrido alg\u00fan tipo de violencia\u201d<\/em><\/strong>, dijo.<\/p>\n<p style=\"font-weight: 400;\">El centro est\u00e1 ubicado en las instalaciones de la Prefectura en el cant\u00f3n Zamora, y abrir\u00e1 sus puertas a partir de enero de 2025; ofreciendo servicios en las \u00e1reas de: psicolog\u00eda, trabajo social y asesor\u00eda legal. Asimismo, cuenta con lugares para lactancia, cambiador, salas de reuniones, descanso temporal, y \u00e1reas l\u00fadicas.<\/p>\n<p style=\"font-weight: 400;\">Por su parte, la m\u00e1xima autoridad provincial resalt\u00f3 que as\u00ed c\u00f3mo se trabaja ampliamente en la vialidad, infraestructura y producci\u00f3n, el \u00e1rea social no ha sido descuidada,\u00a0<strong><em>\u201csi una mujer est\u00e1 bien, la sociedad marcha bien\u201d<\/em><\/strong>, se\u00f1al\u00f3. Tambi\u00e9n indici\u00f3 que es importante atender este sector, pues los \u00edndices de violencia siguen siendo altos en la provincia y con este proyecto se busca prevenir, y atender casos de violencia con enfoque de g\u00e9nero.<\/p>\n<p style=\"font-weight: 400;\"><strong>Dato:<\/strong><\/p>\n<ul>\n<li style=\"font-weight: 400;\">\u201cCentro Violeta\u201d se convierte en el d\u00e9cimo segundo proyecto de atenci\u00f3n social que tiene la Prefectura de Zamora Chinchipe al servicio de la provincia.<\/li>\n<\/ul>\n","protected":false},"excerpt":{"rendered":"<p>Hoy, La provincia de Zamora Chinchipe cuenta con el Primer Centro Violeta; todo esto, gracias a las gestiones realizadas por la prefecta Karla Re\u00e1tegui, quien, junto a la Subsecretaria del Ministerio de la Mujer y Derechos Humanos, Mar\u00eda Luisa Morales, dieron por entregados los espacios que atender\u00e1n a mujeres, ni\u00f1as, ni\u00f1os y adolescentes, v\u00edctimas de [&hellip;]<\/p>\n","protected":false},"author":1,"featured_media":8657,"comment_status":"open","ping_status":"open","sticky":false,"template":"","format":"standard","meta":{"footnotes":""},"categories":[9],"tags":[],"_links":{"self":[{"href":"https:\/\/infozamoraec.com\/index.php\/wp-json\/wp\/v2\/posts\/8656"}],"collection":[{"href":"https:\/\/infozamoraec.com\/index.php\/wp-json\/wp\/v2\/posts"}],"about":[{"href":"https:\/\/infozamoraec.com\/index.php\/wp-json\/wp\/v2\/types\/post"}],"author":[{"embeddable":true,"href":"https:\/\/infozamoraec.com\/index.php\/wp-json\/wp\/v2\/users\/1"}],"replies":[{"embeddable":true,"href":"https:\/\/infozamoraec.com\/index.php\/wp-json\/wp\/v2\/comments?post=8656"}],"version-history":[{"count":1,"href":"https:\/\/infozamoraec.com\/index.php\/wp-json\/wp\/v2\/posts\/8656\/revisions"}],"predecessor-version":[{"id":8658,"href":"https:\/\/infozamoraec.com\/index.php\/wp-json\/wp\/v2\/posts\/8656\/revisions\/8658"}],"wp:featuredmedia":[{"embeddable":true,"href":"https:\/\/infozamoraec.com\/index.php\/wp-json\/wp\/v2\/media\/8657"}],"wp:attachment":[{"href":"https:\/\/infozamoraec.com\/index.php\/wp-json\/wp\/v2\/media?parent=8656"}],"wp:term":[{"taxonomy":"category","embeddable":true,"href":"https:\/\/infozamoraec.com\/index.php\/wp-json\/wp\/v2\/categories?post=8656"},{"taxonomy":"post_tag","embeddable":true,"href":"https:\/\/infozamoraec.com\/index.php\/wp-json\/wp\/v2\/tags?post=8656"}],"curies":[{"name":"wp","href":"https:\/\/api.w.org\/{rel}","templated":true}]}}