{"id":8639,"date":"2024-12-21T00:35:07","date_gmt":"2024-12-21T00:35:07","guid":{"rendered":"https:\/\/infozamoraec.com\/?p=8639"},"modified":"2024-12-21T00:35:07","modified_gmt":"2024-12-21T00:35:07","slug":"no-nos-interesa-su-ubicacion-le-responder-la-asambleista-pamela-aguirre-a-la-fiscal-diana-salazar","status":"publish","type":"post","link":"https:\/\/infozamoraec.com\/index.php\/2024\/12\/21\/no-nos-interesa-su-ubicacion-le-responder-la-asambleista-pamela-aguirre-a-la-fiscal-diana-salazar\/","title":{"rendered":"\u201cNo nos interesa su ubicaci\u00f3n\u201d, le responder la asamble\u00edsta Pamela Aguirre a la fiscal Diana Salazar"},"content":{"rendered":"<div class=\"cp-excerpt-xl\">\n<p><strong>Pamela Aguirre, presidenta de la Comisi\u00f3n de Fiscalizaci\u00f3n de la Asamblea, respondi\u00f3 en redes sociales a la fiscal General del Estado, Diana Salazar<\/strong>, quien indic\u00f3 que la legisladora de la Revoluci\u00f3n Ciudadana (RC) solo quiere conocer su ubicaci\u00f3n actual para ponerla a merced de las \u201cestructuras criminales\u201d.<\/p>\n<p>\u201c<strong>No nos interesa su ubicaci\u00f3n y jam\u00e1s he pedido informaci\u00f3n sobre eso<\/strong>, nuevamente no somos iguales, yo no utilizo a migraci\u00f3n para perseguir pol\u00edticos y ciudadanos\u201d, expuso Aguirre en un comunicado emitido este viernes, 20 de diciembre de 2024.<\/p>\n<p>Hace dos d\u00edas,\u00a0<strong>Aguirre solicit\u00f3 a la Fiscal\u00eda\u00a0<\/strong>que le respondiera si su m\u00e1xima autoridad se encuentra en el pa\u00eds y, si fuera el caso, la raz\u00f3n de su salida.<\/p>\n<p>Un d\u00eda despu\u00e9s de ese pedido,\u00a0<strong>Salazar contest\u00f3 que no tiene la necesidad de dar a conocer su ubicaci\u00f3n\u00a0<\/strong>frente a la opini\u00f3n p\u00fablica. \u201cResulta que es m\u00e1s importante conocer mi ubicaci\u00f3n que la de los procesados del caso Met\u00e1stasis\u201d, sentenci\u00f3.<\/p>\n<p>Asimismo, la fiscal se refiri\u00f3 a los pedidos para que comparezca en la Comisi\u00f3n que preside la representante del corre\u00edsmo, ya que se\u00f1alan que la Fiscal\u00eda tiene<strong>\u00a0presuntas conversaciones obtenidas del celular de Fernando Villavicencio<\/strong>, quien fue asesinado el 9 de agosto de 2023.<\/p>\n<p>La bancada Revoluci\u00f3n Ciudadana, por su lado, respald\u00f3 a Pamela Aguirre y consider\u00f3 que\u00a0<strong>Salazar busca victimizarse para dejar en segundo plano su \u201cdelictivo accionar en sus conversaciones\u201d<\/strong>\u00a0con el excandidato presidencial asesinado.<\/p>\n<p>Junto a su pronunciamiento, la asamble\u00edsta Aguirre poste\u00f3 en X: \u201c<strong>Ning\u00fan funcionario p\u00fablico puede ejercer el cargo si est\u00e1 fuera del pa\u00eds<\/strong>. Jam\u00e1s se ha pedido su ubicaci\u00f3n, no nos interesa\u201d.<\/p>\n<p>La integrante del Legislativo, de esa manera,\u00a0<strong>alega irresponsabilidad de la fiscal Salazar con la FGE<\/strong>, entidad estatal que \u201cdeber\u00eda ser ejemplo de transparencia\u201d.<\/p>\n<p>&nbsp;<\/p>\n<\/div>\n","protected":false},"excerpt":{"rendered":"<p>Pamela Aguirre, presidenta de la Comisi\u00f3n de Fiscalizaci\u00f3n de la Asamblea, respondi\u00f3 en redes sociales a la fiscal General del Estado, Diana Salazar, quien indic\u00f3 que la legisladora de la Revoluci\u00f3n Ciudadana (RC) solo quiere conocer su ubicaci\u00f3n actual para ponerla a merced de las \u201cestructuras criminales\u201d. \u201cNo nos interesa su ubicaci\u00f3n y jam\u00e1s he [&hellip;]<\/p>\n","protected":false},"author":1,"featured_media":8640,"comment_status":"open","ping_status":"open","sticky":false,"template":"","format":"standard","meta":{"footnotes":""},"categories":[12],"tags":[],"_links":{"self":[{"href":"https:\/\/infozamoraec.com\/index.php\/wp-json\/wp\/v2\/posts\/8639"}],"collection":[{"href":"https:\/\/infozamoraec.com\/index.php\/wp-json\/wp\/v2\/posts"}],"about":[{"href":"https:\/\/infozamoraec.com\/index.php\/wp-json\/wp\/v2\/types\/post"}],"author":[{"embeddable":true,"href":"https:\/\/infozamoraec.com\/index.php\/wp-json\/wp\/v2\/users\/1"}],"replies":[{"embeddable":true,"href":"https:\/\/infozamoraec.com\/index.php\/wp-json\/wp\/v2\/comments?post=8639"}],"version-history":[{"count":1,"href":"https:\/\/infozamoraec.com\/index.php\/wp-json\/wp\/v2\/posts\/8639\/revisions"}],"predecessor-version":[{"id":8641,"href":"https:\/\/infozamoraec.com\/index.php\/wp-json\/wp\/v2\/posts\/8639\/revisions\/8641"}],"wp:featuredmedia":[{"embeddable":true,"href":"https:\/\/infozamoraec.com\/index.php\/wp-json\/wp\/v2\/media\/8640"}],"wp:attachment":[{"href":"https:\/\/infozamoraec.com\/index.php\/wp-json\/wp\/v2\/media?parent=8639"}],"wp:term":[{"taxonomy":"category","embeddable":true,"href":"https:\/\/infozamoraec.com\/index.php\/wp-json\/wp\/v2\/categories?post=8639"},{"taxonomy":"post_tag","embeddable":true,"href":"https:\/\/infozamoraec.com\/index.php\/wp-json\/wp\/v2\/tags?post=8639"}],"curies":[{"name":"wp","href":"https:\/\/api.w.org\/{rel}","templated":true}]}}