{"id":8633,"date":"2024-12-21T00:30:32","date_gmt":"2024-12-21T00:30:32","guid":{"rendered":"https:\/\/infozamoraec.com\/?p=8633"},"modified":"2024-12-21T00:30:32","modified_gmt":"2024-12-21T00:30:32","slug":"abad-dice-que-seguira-luchando-para-revertir-su-suspension","status":"publish","type":"post","link":"https:\/\/infozamoraec.com\/index.php\/2024\/12\/21\/abad-dice-que-seguira-luchando-para-revertir-su-suspension\/","title":{"rendered":"Abad dice que seguir\u00e1 luchando para revertir su suspensi\u00f3n"},"content":{"rendered":"<p>La vicepresidenta suspendida de\u00a0<strong>Ecuador<\/strong>,\u00a0<strong><a title=\"\" href=\"https:\/\/www.larepublica.ec\/blog\/2024\/12\/16\/cc-revisara-la-sancion-contra-veronica-abad\/\" target=\"_blank\" rel=\"noopener\">Ver\u00f3nica Abad<\/a><\/strong>, que busca en la Justicia revertir la sanci\u00f3n impuesta por el Gobierno que le impedir\u00eda asumir las funciones presidenciales durante la campa\u00f1a electoral de 2025 en la que el presidente\u00a0<strong>Daniel Noboa<\/strong>\u00a0buscar\u00e1 su reelecci\u00f3n, afirm\u00f3 que pelear\u00e1 para que nunca m\u00e1s se vuelva a utilizar a las mujeres para llenar cuotas pol\u00edticas y \u00abluego simplemente hacerle un lado cuando ya no sirve\u00bb.<\/p>\n<p>En una entrevista con EFE, Abad, que mantiene un abierto enfrentamiento con Noboa desde que eran candidatos en las elecciones de 2023, consider\u00f3 que el mandatario us\u00f3 su figura y su bagaje pol\u00edtico para llegar a la Presidencia y luego apartarla del Gobierno.<\/p>\n<p>Y es que las elecciones de 2023 fueron las primeras de la historia de Ecuador donde las candidaturas conjunta a la Presidencia y Vicepresidencia deb\u00edan ser paritarias.<\/p>\n<p><strong>\u00abNunca m\u00e1s vuelvan a hacer (eso) con una mujer por simplemente tener que llenar una cuota, y luego despacharla\u00bb<\/strong>, dijo Abad que, al asumir el cargo, fue enviada por Noboa como embajadora a Israel con la misi\u00f3n de buscar la paz entre israel\u00edes y palestinos.<\/p>\n<p>Posteriormente fue trasladada a Turqu\u00eda por las crecientes tensiones en Oriente Medio, pero el Gobierno sostiene que incurri\u00f3 en un abandono del cargo por presuntamente haberse trasladado fuera del plazo otorgado y la suspendi\u00f3 por cinco meses, mientras que ella asegura que lo hizo dentro del tiempo contemplado por la ley.<\/p>\n<p>\u00abHasta el \u00faltimo de mis d\u00edas pelear\u00e9 porque eso no puede volver a pasar ni con mi hija, ni con mi nieta, ni con mi bisnieta, eso no va a volver a pasar en el Ecuador\u00bb, recalc\u00f3.<\/p>\n<p>Abad consider\u00f3 que quedar\u00e1n \u00abante el mundo como la luz de aquellas mujeres que pelearon por su dignidad en sus puestos p\u00fablicos y pol\u00edticos\u00bb y que dejar\u00e1n as\u00ed un precedente para el mundo entero.<\/p>\n<p>La vicepresidenta, que ha denunciado a Noboa por presunta violencia pol\u00edtica de g\u00e9nero al considerar que lidera un presunto acoso para forzarla a dimitir, sostiene que todo lo ocurrido tiene como fin evitar que ella asuma la Presidencia temporalmente (del 5 de enero al 9 de febrero) y considera que lo que vive ahora el pa\u00eds es una \u00abherida\u00bb y una \u00abafrenta\u00bb.<\/p>\n<p>Con tres investigaciones penales en su contra, y cuatro demandas ante el Tribunal Contencioso Electoral (TCE), as\u00ed como un juicio abierto contra su hijo por presunta \u00aboferta de realizar tr\u00e1fico de influencias en la Vicepresidencia de la Rep\u00fablica\u00bb, en el que la Fiscal\u00eda intent\u00f3 vincularla, Abad asever\u00f3 que se siente \u00abcansada, es una lucha de todos los d\u00edas, pero no me siento d\u00e9bil\u00bb.<\/p>\n<p>\u00abCada ecuatoriano que me sonr\u00ede en la calle, que me abraza, mujeres que lloran porque se sienten muy heridas en lo que est\u00e1 pasando contra la mujer, porque es contra la mujer lo que est\u00e1 aconteciendo en este momento, me llena de fe, de ganas\u00bb de seguir en la lucha con \u00abesperanza\u00bb, dijo.<\/p>\n<p>Abad asever\u00f3 que su sangre \u00abes pol\u00edtica\u00bb, una arena en la que lleva 25 a\u00f1os. \u00abEstoy hecha para esto, y la vida me ha confirmado que estoy hecha para esto\u00bb, subray\u00f3.<\/p>\n<h2 class=\"wp-block-heading\"><strong>Su contexto<\/strong><\/h2>\n<p>\u00abTenemos muchas rayas hechas al tigre, much\u00edsimas\u00bb, indic\u00f3 al enfatizar que su historia no ha sido \u00abf\u00e1cil ni sencilla\u00bb desde que decidi\u00f3 entrar en la pol\u00edtica. Cri\u00f3 a tres hijos peque\u00f1os tras su divorcio e ingres\u00f3 \u00aben un mundo de hombres (el de la pol\u00edtica)\u00bb.<\/p>\n<p>\u00abRecib\u00ed discriminaci\u00f3n y violencia, pero nada de eso me fren\u00f3, nada de eso me par\u00f3 en mis sue\u00f1os, en prepararme, en caminar, en seguir avanzando hasta el objetivo que yo ten\u00eda, que era servir, llegar al poder para servir\u00bb, anot\u00f3 al agregar que Noboa sab\u00eda de su historial y su importancia para la Sierra y la Amazon\u00eda cuando formaron el binomio para la candidatura.<\/p>\n<p>Noboa \u00abpuso a una persona que sab\u00eda lo que ten\u00eda trabajado en 25 a\u00f1os\u00bb, dijo al asegurar que ganaron en las provincias en las que ella trabaj\u00f3. El presidente procede de la costa, nacido en Miami (Estados Unidos) pero criado en Guayaquil.<\/p>\n<h2 class=\"wp-block-heading\"><strong>Procesos legales<\/strong><\/h2>\n<p>El pr\u00f3ximo lunes se conocer\u00e1 la sentencia de la jueza que eval\u00faa la legalidad de su suspensi\u00f3n, y se prepara para asistir el 27 de diciembre al TCE por la contrademanda por violencia pol\u00edtica de g\u00e9nero interpuesta en su contra por la exasesora presidencial\u00a0<strong>Diana J\u00e1come<\/strong>.<\/p>\n<p>Abad, que sostiene que desde el Ejecutivo buscaban desde el inicio del Gobierno presionarla para que dimita y evitar as\u00ed delegar en ella las funciones presidenciales en la campa\u00f1a electoral, reafirma su decisi\u00f3n de reclamar su derecho y acudir a todas las instancias legales y constitucionales para hacer respetar la Constituci\u00f3n. EFE\u00a0<strong>(I)<\/strong><\/p>\n","protected":false},"excerpt":{"rendered":"<p>La vicepresidenta suspendida de\u00a0Ecuador,\u00a0Ver\u00f3nica Abad, que busca en la Justicia revertir la sanci\u00f3n impuesta por el Gobierno que le impedir\u00eda asumir las funciones presidenciales durante la campa\u00f1a electoral de 2025 en la que el presidente\u00a0Daniel Noboa\u00a0buscar\u00e1 su reelecci\u00f3n, afirm\u00f3 que pelear\u00e1 para que nunca m\u00e1s se vuelva a utilizar a las mujeres para llenar cuotas [&hellip;]<\/p>\n","protected":false},"author":1,"featured_media":8634,"comment_status":"open","ping_status":"open","sticky":false,"template":"","format":"standard","meta":{"footnotes":""},"categories":[12],"tags":[],"_links":{"self":[{"href":"https:\/\/infozamoraec.com\/index.php\/wp-json\/wp\/v2\/posts\/8633"}],"collection":[{"href":"https:\/\/infozamoraec.com\/index.php\/wp-json\/wp\/v2\/posts"}],"about":[{"href":"https:\/\/infozamoraec.com\/index.php\/wp-json\/wp\/v2\/types\/post"}],"author":[{"embeddable":true,"href":"https:\/\/infozamoraec.com\/index.php\/wp-json\/wp\/v2\/users\/1"}],"replies":[{"embeddable":true,"href":"https:\/\/infozamoraec.com\/index.php\/wp-json\/wp\/v2\/comments?post=8633"}],"version-history":[{"count":1,"href":"https:\/\/infozamoraec.com\/index.php\/wp-json\/wp\/v2\/posts\/8633\/revisions"}],"predecessor-version":[{"id":8635,"href":"https:\/\/infozamoraec.com\/index.php\/wp-json\/wp\/v2\/posts\/8633\/revisions\/8635"}],"wp:featuredmedia":[{"embeddable":true,"href":"https:\/\/infozamoraec.com\/index.php\/wp-json\/wp\/v2\/media\/8634"}],"wp:attachment":[{"href":"https:\/\/infozamoraec.com\/index.php\/wp-json\/wp\/v2\/media?parent=8633"}],"wp:term":[{"taxonomy":"category","embeddable":true,"href":"https:\/\/infozamoraec.com\/index.php\/wp-json\/wp\/v2\/categories?post=8633"},{"taxonomy":"post_tag","embeddable":true,"href":"https:\/\/infozamoraec.com\/index.php\/wp-json\/wp\/v2\/tags?post=8633"}],"curies":[{"name":"wp","href":"https:\/\/api.w.org\/{rel}","templated":true}]}}