{"id":8601,"date":"2024-12-20T00:44:04","date_gmt":"2024-12-20T00:44:04","guid":{"rendered":"https:\/\/infozamoraec.com\/?p=8601"},"modified":"2024-12-20T00:44:04","modified_gmt":"2024-12-20T00:44:04","slug":"el-fmi-aprueba-desembolso-de-500-millones-para-ecuador","status":"publish","type":"post","link":"https:\/\/infozamoraec.com\/index.php\/2024\/12\/20\/el-fmi-aprueba-desembolso-de-500-millones-para-ecuador\/","title":{"rendered":"El FMI aprueba desembolso de $ 500 millones para Ecuador"},"content":{"rendered":"<p>El Directorio Ejecutivo del\u00a0<strong>Fondo Monetario Internacional (FMI)<\/strong>\u00a0complet\u00f3 la primera revisi\u00f3n del acuerdo de 48 meses en el marco del Servicio Ampliado del FMI para Ecuador, lo que permiti\u00f3 un desembolso inmediato de $ 500 millones.<\/p>\n<p>As\u00ed lo confirm\u00f3 esta tarde, el propio organismo a trav\u00e9s de su p\u00e1gina web, donde destaca que \u00ab<strong>Ecuador\u00a0<\/strong>ha logrado avances significativos en la implementaci\u00f3n de su programa de reforma econ\u00f3mica, cumpliendo todos los criterios de desempe\u00f1o cuantitativos y los objetivos indicativos para la primera revisi\u00f3n a fines de agosto de 2024 y avanzando en importantes reformas estructurales\u00bb.<\/p>\n<p>Seg\u00fan el organismo, \u00ablos\u00a0fuertes y decididos<strong>\u00a0esfuerzos pol\u00edticos<\/strong>\u00a0de las autoridades ayudaron a salvaguardar la estabilidad macroecon\u00f3mica, fortalecer las posiciones fiscal y externa y proteger a los grupos vulnerables en medio de un entorno dif\u00edcil\u00bb.<\/p>\n<p>Con esta nueva emisi\u00f3n se eleva a $ 1.500 millones el total de desembolsos, en virtud de este acuerdo aprobado en mayo de este a\u00f1o,\u00a0 con un acceso equivalente a unos\u00a0<strong>$ 4.000 millones.\u00a0<\/strong><\/p>\n<p>El programa, record\u00f3 el FMI, tiene como fin \u00abapoyar las pol\u00edticas de Ecuador para fortalecer la sostenibilidad fiscal y de la deuda, proteger a los grupos vulnerables, reconstruir los colchones de liquidez, salvaguardar la estabilidad\u00a0<strong>macroecon\u00f3mica y financiera<\/strong>, y avanzar en la agenda de reformas estructurales para sentar las bases de un crecimiento sostenible, inclusivo y m\u00e1s fuerte que beneficie a todos los ecuatorianos\u00bb.<\/p>\n<p>El ente reconoci\u00f3 que el s\u00f3lido desempe\u00f1o se produjo en un contexto macroecon\u00f3mico complicado. \u00abA la crisis de seguridad se sum\u00f3 una sequ\u00eda hist\u00f3rica que desencaden\u00f3 una crisis el\u00e9ctrica que afect\u00f3 negativamente a la actividad econ\u00f3mica. Se proyecta que\u00a0<strong>el PIB real se contraiga un 0,4 por ciento en 2024<\/strong>\u00a0y se recupere un 1,6 por ciento en 2025, mientras que la inflaci\u00f3n se mantendr\u00e1 baja, en torno al 2 por ciento\u00bb, dijo<\/p>\n","protected":false},"excerpt":{"rendered":"<p>El Directorio Ejecutivo del\u00a0Fondo Monetario Internacional (FMI)\u00a0complet\u00f3 la primera revisi\u00f3n del acuerdo de 48 meses en el marco del Servicio Ampliado del FMI para Ecuador, lo que permiti\u00f3 un desembolso inmediato de $ 500 millones. As\u00ed lo confirm\u00f3 esta tarde, el propio organismo a trav\u00e9s de su p\u00e1gina web, donde destaca que \u00abEcuador\u00a0ha logrado avances [&hellip;]<\/p>\n","protected":false},"author":1,"featured_media":8602,"comment_status":"open","ping_status":"open","sticky":false,"template":"","format":"standard","meta":{"footnotes":""},"categories":[12],"tags":[],"_links":{"self":[{"href":"https:\/\/infozamoraec.com\/index.php\/wp-json\/wp\/v2\/posts\/8601"}],"collection":[{"href":"https:\/\/infozamoraec.com\/index.php\/wp-json\/wp\/v2\/posts"}],"about":[{"href":"https:\/\/infozamoraec.com\/index.php\/wp-json\/wp\/v2\/types\/post"}],"author":[{"embeddable":true,"href":"https:\/\/infozamoraec.com\/index.php\/wp-json\/wp\/v2\/users\/1"}],"replies":[{"embeddable":true,"href":"https:\/\/infozamoraec.com\/index.php\/wp-json\/wp\/v2\/comments?post=8601"}],"version-history":[{"count":1,"href":"https:\/\/infozamoraec.com\/index.php\/wp-json\/wp\/v2\/posts\/8601\/revisions"}],"predecessor-version":[{"id":8603,"href":"https:\/\/infozamoraec.com\/index.php\/wp-json\/wp\/v2\/posts\/8601\/revisions\/8603"}],"wp:featuredmedia":[{"embeddable":true,"href":"https:\/\/infozamoraec.com\/index.php\/wp-json\/wp\/v2\/media\/8602"}],"wp:attachment":[{"href":"https:\/\/infozamoraec.com\/index.php\/wp-json\/wp\/v2\/media?parent=8601"}],"wp:term":[{"taxonomy":"category","embeddable":true,"href":"https:\/\/infozamoraec.com\/index.php\/wp-json\/wp\/v2\/categories?post=8601"},{"taxonomy":"post_tag","embeddable":true,"href":"https:\/\/infozamoraec.com\/index.php\/wp-json\/wp\/v2\/tags?post=8601"}],"curies":[{"name":"wp","href":"https:\/\/api.w.org\/{rel}","templated":true}]}}