{"id":8597,"date":"2024-12-20T00:33:17","date_gmt":"2024-12-20T00:33:17","guid":{"rendered":"https:\/\/infozamoraec.com\/?p=8597"},"modified":"2024-12-20T00:33:17","modified_gmt":"2024-12-20T00:33:17","slug":"fut-dice-que-el-aumento-salarial-de-us10-es-una-limosna","status":"publish","type":"post","link":"https:\/\/infozamoraec.com\/index.php\/2024\/12\/20\/fut-dice-que-el-aumento-salarial-de-us10-es-una-limosna\/","title":{"rendered":"FUT dice que el aumento salarial de US$10 \u00abes una limosna\u00bb"},"content":{"rendered":"<p>El Frente Unitario de Trabajadores (<strong>FUT<\/strong>) ha rechazado el\u00a0<strong>alza de US$10 mensuales en el precio del salario m\u00ednimo<\/strong>\u00a0que ha fijado el Gobierno del presidente\u00a0<strong><a title=\"Daniel Noboa\" href=\"https:\/\/x.com\/DanielNoboaOk\" target=\"_blank\" rel=\"noopener\">Daniel Noboa<\/a><\/strong>, con lo cual esa remuneraci\u00f3n subir\u00e1 a US$470 a partir del 1 de enero. Los sindicatos han expresado que el incremento salarial\u00a0<strong>\u201ces una limosna\u201d.<\/strong><\/p>\n<p><strong>Los delegados del Frente Unitario planteaban que el salario b\u00e1sico suba en US$102<\/strong> y se ubique en US$562.<\/p>\n<p>\u201cCondenamos esta ins\u00f3lita fijaci\u00f3n salarial para 2025. No puede ser posible que en una situaci\u00f3n de recesi\u00f3n econ\u00f3mica, el Gobierno fije 10 d\u00f3lares para el salario del 2025. Si dividimos 10 d\u00f3lares para 30 d\u00edas, dan 33 centavos diarios. Si lo dividimos para las ocho horas diarias de trabajo, (dan como resultado) cuatro centavos. Inaceptable.\u00a0<strong>Limosna para el pueblo ecuatoriano, que generamos la riqueza para este pa\u00eds\u201d,<\/strong>\u00a0ha dicho Jos\u00e9 Villavicencio, presidente del turno del FUT.<\/p>\n<p>\u201cHay que decirlo con firmeza:\u00a0<strong>un gobierno miserable que fija 10 d\u00f3lares a quienes generamos la riqueza<\/strong>, mientras \u00e9l se opone a pagar 99 millones de d\u00f3lares que tiene como obligaci\u00f3n al tema del SRI. Y tampoco ha hecho nada para cobrar a los evasores de impuestos o cobrar esa deuda firme de m\u00e1s de 2.700 millones de d\u00f3lares que deben los grandes grupos econ\u00f3micos de este pa\u00eds, que se han beneficiado de sus pol\u00edticas\u201d, agreg\u00f3.<\/p>\n","protected":false},"excerpt":{"rendered":"<p>El Frente Unitario de Trabajadores (FUT) ha rechazado el\u00a0alza de US$10 mensuales en el precio del salario m\u00ednimo\u00a0que ha fijado el Gobierno del presidente\u00a0Daniel Noboa, con lo cual esa remuneraci\u00f3n subir\u00e1 a US$470 a partir del 1 de enero. Los sindicatos han expresado que el incremento salarial\u00a0\u201ces una limosna\u201d. Los delegados del Frente Unitario planteaban [&hellip;]<\/p>\n","protected":false},"author":1,"featured_media":8598,"comment_status":"open","ping_status":"open","sticky":false,"template":"","format":"standard","meta":{"footnotes":""},"categories":[12],"tags":[],"_links":{"self":[{"href":"https:\/\/infozamoraec.com\/index.php\/wp-json\/wp\/v2\/posts\/8597"}],"collection":[{"href":"https:\/\/infozamoraec.com\/index.php\/wp-json\/wp\/v2\/posts"}],"about":[{"href":"https:\/\/infozamoraec.com\/index.php\/wp-json\/wp\/v2\/types\/post"}],"author":[{"embeddable":true,"href":"https:\/\/infozamoraec.com\/index.php\/wp-json\/wp\/v2\/users\/1"}],"replies":[{"embeddable":true,"href":"https:\/\/infozamoraec.com\/index.php\/wp-json\/wp\/v2\/comments?post=8597"}],"version-history":[{"count":1,"href":"https:\/\/infozamoraec.com\/index.php\/wp-json\/wp\/v2\/posts\/8597\/revisions"}],"predecessor-version":[{"id":8599,"href":"https:\/\/infozamoraec.com\/index.php\/wp-json\/wp\/v2\/posts\/8597\/revisions\/8599"}],"wp:featuredmedia":[{"embeddable":true,"href":"https:\/\/infozamoraec.com\/index.php\/wp-json\/wp\/v2\/media\/8598"}],"wp:attachment":[{"href":"https:\/\/infozamoraec.com\/index.php\/wp-json\/wp\/v2\/media?parent=8597"}],"wp:term":[{"taxonomy":"category","embeddable":true,"href":"https:\/\/infozamoraec.com\/index.php\/wp-json\/wp\/v2\/categories?post=8597"},{"taxonomy":"post_tag","embeddable":true,"href":"https:\/\/infozamoraec.com\/index.php\/wp-json\/wp\/v2\/tags?post=8597"}],"curies":[{"name":"wp","href":"https:\/\/api.w.org\/{rel}","templated":true}]}}