{"id":8522,"date":"2024-12-18T00:03:02","date_gmt":"2024-12-18T00:03:02","guid":{"rendered":"https:\/\/infozamoraec.com\/?p=8522"},"modified":"2024-12-18T00:03:02","modified_gmt":"2024-12-18T00:03:02","slug":"luisa-gonzalez-venderemos-la-penitenciaria-para-construir-otra-en-guayaquil","status":"publish","type":"post","link":"https:\/\/infozamoraec.com\/index.php\/2024\/12\/18\/luisa-gonzalez-venderemos-la-penitenciaria-para-construir-otra-en-guayaquil\/","title":{"rendered":"Luisa Gonz\u00e1lez: \u201cVenderemos la Penitenciar\u00eda para construir otra en Guayaquil\u201d"},"content":{"rendered":"<p>La candidata presidencial del corre\u00edsmo,\u00a0<strong><a title=\"Luisa Gonz\u00e1lez\" href=\"https:\/\/www.larepublica.ec\/blog\/2024\/11\/07\/luisa-gonzalez-felicito-a-donald-trump\/\" target=\"_blank\" rel=\"noopener\">Luisa Gonz\u00e1lez<\/a><\/strong>, ha dicho la ma\u00f1ana de este martes 17 de diciembre en Radio Morena, en Guayaquil, que vender\u00e1 la Penitenciar\u00eda del Litoral.<\/p>\n<p><strong>\u201cVenderemos la c\u00e1rcel del Litoral a USD 800,000,000 y con ese dinero construiremos otra en zonas menos pobladas de Guayaquil<\/strong>,<span>\u00a0dijo la candidata.<\/span><\/p>\n<p>Seg\u00fan\u00a0<strong><a title=\"Luisa Gonz\u00e1lez\" href=\"https:\/\/x.com\/LuisaGonzalezEc\" target=\"_blank\" rel=\"noopener\">Luisa Gonz\u00e1lez<\/a><\/strong>,\u00a0<strong>\u00abla propuesta de construir una c\u00e1rcel en Archidona ha generado una gran controversia, ya que pone en riesgo la seguridad de los ni\u00f1os y j\u00f3venes en la zona. Esta situaci\u00f3n ha llevado a la comunidad a movilizarse en defensa de sus derechos y la seguridad p\u00fablica\u201d.<\/strong><\/p>\n<p><strong>\u201cLas ideas del gobierno sobre c\u00e1rceles flotantes y en la Ant\u00e1rtida son consideradas inviables y sin fundamento t\u00e9cnico. Esto ha llevado a cuestionar la credibilidad de las propuestas presentadas\u201d,<\/strong><span>\u00a0a\u00f1adi\u00f3.<\/span><\/p>\n<p>La entrevista fue llevada a cabo entre las 08:30 y 09:30 de este martes y la candidata explic\u00f3 el\u00a0<strong>\u201cPlan Impulsa: Propuesta integral para devolverle el progreso al Ecuador\u201d.\u00a0<\/strong>\u00a0Hasta el momento, Gonz\u00e1lez ha presentado tres iniciativas: energ\u00e9tica, seguridad (P.R.O.T.E.G.E.) y crisis social (Impulsa). Esta \u00faltima se divide en cinco \u00e1reas, con cinco grupos espec\u00edficos y cinco pilares de acci\u00f3n.<\/p>\n<h2 class=\"wp-block-heading\"><strong>Cinco grupos objetivos<\/strong><\/h2>\n<ul class=\"wp-block-list\">\n<li>La ni\u00f1ez que sufre de violencia<\/li>\n<li>Los j\u00f3venes que necesitan acceso a la educaci\u00f3n<\/li>\n<li>Las mujeres que no cuenta con empleo y son v\u00edctimas de agresi\u00f3n<\/li>\n<li>Los adultos mayores para restablecerles el bono<\/li>\n<li>Los discapacitados que han sido olvidados<\/li>\n<\/ul>\n<h2 class=\"wp-block-heading\"><strong>Cinco ejes de acci\u00f3n<\/strong><\/h2>\n<ul class=\"wp-block-list\">\n<li>Salud<\/li>\n<li>Educaci\u00f3n<\/li>\n<li>Vivienda digna<\/li>\n<li>Arte y cultura<\/li>\n<li>Deporte<\/li>\n<\/ul>\n<h2 class=\"wp-block-heading\"><strong>1.- Salud<\/strong><\/h2>\n<p>Luisa Gonz\u00e1lez: \u201cLa urgencia de transformar el sistema de salud p\u00fablica en el pa\u00eds es evidente, ya que muchas personas sufren por la falta de recursos y atenci\u00f3n m\u00e9dica adecuada\u201d.<\/p>\n<p>\u00ab<strong>En un plazo m\u00e1ximo de 5 meses tendremos la adquisici\u00f3n completa de medicinas. A los m\u00e9dicos y el personal de salud, les vamos a dar el nombramiento definitivo (estabilidad laboral)<\/strong><span>\u201d<\/span><strong>,\u00a0<\/strong><span>manifest\u00f3<\/span>.<\/p>\n<h2 class=\"wp-block-heading\"><strong>2.- Educaci\u00f3n<\/strong><\/h2>\n<p>\u201cLa educaci\u00f3n p\u00fablica es vital para romper ciclos de pobreza y\u00a0<strong>vamos ofrecer becas y cr\u00e9ditos educativos para mejorar el acceso. Esto beneficiar\u00e1 a familias de diversas etnias\u201d,\u00a0<\/strong>refut\u00f3.<\/p>\n<p><span>\u00ab<\/span><strong>Fortaleceremos el bachillerato acelerado<\/strong><span>\u00a0<\/span><strong><span>y devolveremos<\/span>\u00a0<\/strong><strong>el presupuesto vinculado al incremento de cupo a las universidades. No solamente ser\u00e1 presencial, tambi\u00e9n haremos carreras virtuales\u201d,\u00a0<\/strong><span>habl\u00f3 Gonz\u00e1lez.<\/span><\/p>\n<h2 class=\"wp-block-heading\"><strong>3.- Vivienda digna<\/strong><\/h2>\n<p>\u201cLa regularizaci\u00f3n de la propiedad es esencial para dar dignidad a las familias ecuatorianas, permiti\u00e9ndoles\u00a0<strong>acceder a cr\u00e9ditos y mejorar su situaci\u00f3n. Daremos el bono para la vivienda de $8 000 d\u00f3lares\u201d,<\/strong>\u00a0enfatiz\u00f3.<\/p>\n<p><span>\u201cEl plan incluye mecanismos de financiamiento\u00a0<\/span>en<strong>\u00a0la recaudaci\u00f3n de impuestos y en el cobro de deudas a grandes deudores. Esto podr\u00eda generar recursos significativos\u201d,<\/strong>\u00a0complement\u00f3.<\/p>\n<p><strong>\u201cEs necesario aumentar las regal\u00edas mineras para generar ingresos adicionales al Estado ecuatoriano. Este incremento podr\u00eda aportar hasta 100 millones de d\u00f3lares\u201d,\u00a0<\/strong>exclam\u00f3.<\/p>\n<p><strong>\u201cLa reducci\u00f3n del IVA al 12% lo puedo hacer con una reforma legal. Eso ir\u00e1 en el presupuesto econ\u00f3mico urgente\u00a0 que se presentar\u00e1 en mayo del pr\u00f3ximo a\u00f1o\u201d,<\/strong><span>\u00a0recalc\u00f3.<\/span><\/p>\n<p><span>\u00ab<\/span><strong>Condonaremos<\/strong>\u00a0<strong>deudas a familias y empresas afectadas por la pandemia hasta $10 000 d\u00f3lares, refinanciar el excedente y limpiar su historial crediticio para que se reintegren al sector productivo y vivir con tranquilidad\u201d,\u00a0<\/strong><span>asegur\u00f3.<\/span><\/p>\n","protected":false},"excerpt":{"rendered":"<p>La candidata presidencial del corre\u00edsmo,\u00a0Luisa Gonz\u00e1lez, ha dicho la ma\u00f1ana de este martes 17 de diciembre en Radio Morena, en Guayaquil, que vender\u00e1 la Penitenciar\u00eda del Litoral. \u201cVenderemos la c\u00e1rcel del Litoral a USD 800,000,000 y con ese dinero construiremos otra en zonas menos pobladas de Guayaquil,\u00a0dijo la candidata. Seg\u00fan\u00a0Luisa Gonz\u00e1lez,\u00a0\u00abla propuesta de construir una [&hellip;]<\/p>\n","protected":false},"author":1,"featured_media":8523,"comment_status":"open","ping_status":"open","sticky":false,"template":"","format":"standard","meta":{"footnotes":""},"categories":[12],"tags":[],"_links":{"self":[{"href":"https:\/\/infozamoraec.com\/index.php\/wp-json\/wp\/v2\/posts\/8522"}],"collection":[{"href":"https:\/\/infozamoraec.com\/index.php\/wp-json\/wp\/v2\/posts"}],"about":[{"href":"https:\/\/infozamoraec.com\/index.php\/wp-json\/wp\/v2\/types\/post"}],"author":[{"embeddable":true,"href":"https:\/\/infozamoraec.com\/index.php\/wp-json\/wp\/v2\/users\/1"}],"replies":[{"embeddable":true,"href":"https:\/\/infozamoraec.com\/index.php\/wp-json\/wp\/v2\/comments?post=8522"}],"version-history":[{"count":1,"href":"https:\/\/infozamoraec.com\/index.php\/wp-json\/wp\/v2\/posts\/8522\/revisions"}],"predecessor-version":[{"id":8524,"href":"https:\/\/infozamoraec.com\/index.php\/wp-json\/wp\/v2\/posts\/8522\/revisions\/8524"}],"wp:featuredmedia":[{"embeddable":true,"href":"https:\/\/infozamoraec.com\/index.php\/wp-json\/wp\/v2\/media\/8523"}],"wp:attachment":[{"href":"https:\/\/infozamoraec.com\/index.php\/wp-json\/wp\/v2\/media?parent=8522"}],"wp:term":[{"taxonomy":"category","embeddable":true,"href":"https:\/\/infozamoraec.com\/index.php\/wp-json\/wp\/v2\/categories?post=8522"},{"taxonomy":"post_tag","embeddable":true,"href":"https:\/\/infozamoraec.com\/index.php\/wp-json\/wp\/v2\/tags?post=8522"}],"curies":[{"name":"wp","href":"https:\/\/api.w.org\/{rel}","templated":true}]}}