{"id":8519,"date":"2024-12-17T23:45:11","date_gmt":"2024-12-17T23:45:11","guid":{"rendered":"https:\/\/infozamoraec.com\/?p=8519"},"modified":"2024-12-17T23:45:11","modified_gmt":"2024-12-17T23:45:11","slug":"dos-vehiculos-se-chocaron-en-la-via-loja-zamora","status":"publish","type":"post","link":"https:\/\/infozamoraec.com\/index.php\/2024\/12\/17\/dos-vehiculos-se-chocaron-en-la-via-loja-zamora\/","title":{"rendered":"Dos veh\u00edculos se chocaron en la v\u00eda Loja &#8211; Zamora"},"content":{"rendered":"<p>Aproximadamente a las 18: de este 16 de\u00a0 diciembre de 2024, se report\u00f3 un accidente de tr\u00e1nsito en la v\u00eda <strong>Zamora &#8211; Loja<\/strong>, a unos 3 kil\u00f3metros del sector El Tambo, en la parroquia Sabanilla del cant\u00f3n Zamora. El incidente, clasificado como un <strong>choque por alcance<\/strong>, no dej\u00f3 personas fallecidas ni heridas.<\/p>\n<p>Los veh\u00edculos involucrados en el accidente fueron, un auto marca\u00a0 Chevrolet, color vino, con placas\u00a0<strong>PBP-4380 conducido por <\/strong>\u00a0<strong>Elvis Danian V. V. <\/strong><strong>Veh\u00edculo y un jeep marca <\/strong>Jetour, color rojo, con placas <strong>LBC-8441, conducido por <\/strong>\u00a0<strong>Eduardo An\u00edbal A. M<\/strong>, quienes tras el incidente se trasladaron casas de salud de Loja para una evaluaci\u00f3n m\u00e9dica, donde se confirm\u00f3 que no existian lesiones graves.<\/p>\n<p>El personal <strong>\u00a0Emergencia<\/strong>, tras recibir la comunicaci\u00f3n del Ecu-911, se traslad\u00f3 al lugar para verificar el accidente. Al llegar, confirmaron que efectivamente se trataba de un choque por alcance que result\u00f3 en da\u00f1os materiales significativos en ambos veh\u00edculos.<\/p>\n<p>Los veh\u00edculos involucrados fueron trasladados al <strong>Centro de Retenci\u00f3n Vehicular<\/strong> de la Jefatura Provincial de Tr\u00e1nsito de Zamora para los procedimientos legales correspondientes.<\/p>\n","protected":false},"excerpt":{"rendered":"<p>Aproximadamente a las 18: de este 16 de\u00a0 diciembre de 2024, se report\u00f3 un accidente de tr\u00e1nsito en la v\u00eda Zamora &#8211; Loja, a unos 3 kil\u00f3metros del sector El Tambo, en la parroquia Sabanilla del cant\u00f3n Zamora. El incidente, clasificado como un choque por alcance, no dej\u00f3 personas fallecidas ni heridas. Los veh\u00edculos involucrados [&hellip;]<\/p>\n","protected":false},"author":1,"featured_media":8520,"comment_status":"open","ping_status":"open","sticky":false,"template":"","format":"standard","meta":{"footnotes":""},"categories":[9],"tags":[],"_links":{"self":[{"href":"https:\/\/infozamoraec.com\/index.php\/wp-json\/wp\/v2\/posts\/8519"}],"collection":[{"href":"https:\/\/infozamoraec.com\/index.php\/wp-json\/wp\/v2\/posts"}],"about":[{"href":"https:\/\/infozamoraec.com\/index.php\/wp-json\/wp\/v2\/types\/post"}],"author":[{"embeddable":true,"href":"https:\/\/infozamoraec.com\/index.php\/wp-json\/wp\/v2\/users\/1"}],"replies":[{"embeddable":true,"href":"https:\/\/infozamoraec.com\/index.php\/wp-json\/wp\/v2\/comments?post=8519"}],"version-history":[{"count":1,"href":"https:\/\/infozamoraec.com\/index.php\/wp-json\/wp\/v2\/posts\/8519\/revisions"}],"predecessor-version":[{"id":8521,"href":"https:\/\/infozamoraec.com\/index.php\/wp-json\/wp\/v2\/posts\/8519\/revisions\/8521"}],"wp:featuredmedia":[{"embeddable":true,"href":"https:\/\/infozamoraec.com\/index.php\/wp-json\/wp\/v2\/media\/8520"}],"wp:attachment":[{"href":"https:\/\/infozamoraec.com\/index.php\/wp-json\/wp\/v2\/media?parent=8519"}],"wp:term":[{"taxonomy":"category","embeddable":true,"href":"https:\/\/infozamoraec.com\/index.php\/wp-json\/wp\/v2\/categories?post=8519"},{"taxonomy":"post_tag","embeddable":true,"href":"https:\/\/infozamoraec.com\/index.php\/wp-json\/wp\/v2\/tags?post=8519"}],"curies":[{"name":"wp","href":"https:\/\/api.w.org\/{rel}","templated":true}]}}